{"id":2468,"date":"2026-06-26T23:33:21","date_gmt":"2026-06-26T23:33:21","guid":{"rendered":"https:\/\/gundem59.com.tr\/?p=2468"},"modified":"2026-06-26T23:33:22","modified_gmt":"2026-06-26T23:33:22","slug":"trakyada-muharrem-ayi-dolayisiyla-asure-dagitildi","status":"publish","type":"post","link":"https:\/\/gundem59.com.tr\/?p=2468","title":{"rendered":"Trakya&#8217;da muharrem ay\u0131 dolay\u0131s\u0131yla a\u015fure da\u011f\u0131t\u0131ld\u0131"},"content":{"rendered":"\n<p class=\"wp-block-paragraph\">Edirne, K\u0131rklareli ve Tekirda\u011f&#8217;da muharrem ay\u0131 dolay\u0131s\u0131yla vatanda\u015flara a\u015fure da\u011f\u0131t\u0131ld\u0131.<\/p>\n\n\n\n<p class=\"wp-block-paragraph\"><a href=\"https:\/\/www.sondakika.com\/edirne\/\">Edirne<\/a>,&nbsp;<a href=\"https:\/\/www.sondakika.com\/kirklareli\/\">K\u0131rklareli<\/a>&nbsp;ve&nbsp;<a href=\"https:\/\/www.sondakika.com\/tekirdag\/\">Tekirda\u011f<\/a>&#8216;da muharrem ay\u0131 dolay\u0131s\u0131yla vatanda\u015flara a\u015fure da\u011f\u0131t\u0131ld\u0131.<\/p>\n\n\n\n<p class=\"wp-block-paragraph\">Edirne \u0130l&nbsp;<a href=\"https:\/\/www.sondakika.com\/kultur\/\">K\u00fclt\u00fcr<\/a>&nbsp;ve Turizm M\u00fcd\u00fcrl\u00fc\u011f\u00fcnce Meydan Mahallesi&#8217;ndeki \u015eeyh Kabuli Mustafa Er Rifai Efendi T\u00fcrbesi&#8217;nde d\u00fczenlenen a\u015fure da\u011f\u0131t\u0131m program\u0131nda, Kur&#8217;an-\u0131 Kerim tilavetinin ard\u0131ndan dua edildi.<\/p>\n\n\n\n<p class=\"wp-block-paragraph\">\u0130l K\u00fclt\u00fcr ve Turizm M\u00fcd\u00fcr\u00fc Kemal Soyt\u00fcrk, programda yapt\u0131\u011f\u0131 konu\u015fmada, muharrem ay\u0131n\u0131n manevi ikliminde Kerbela \u015fehitlerini rahmet ve h\u00fcrmetle and\u0131klar\u0131n\u0131 s\u00f6yledi.<\/p>\n\n\n\n<p class=\"wp-block-paragraph\">Muharrem ay\u0131n\u0131n sabr\u0131n, teslimiyetin, payla\u015fman\u0131n ve karde\u015fli\u011fin en g\u00fc\u00e7l\u00fc \u015fekilde idrak edildi\u011fi m\u00fcstesna bir zaman dilimi oldu\u011funu belirten Soyt\u00fcrk, a\u015furenin ise birlik, bereket ve dayan\u0131\u015fman\u0131n en g\u00fczel sembollerinden oldu\u011funu ifade etti.<\/p>\n\n\n\n<p class=\"wp-block-paragraph\">K\u0131rklareli&#8217;nde, Edirne Vak\u0131flar B\u00f6lge M\u00fcd\u00fcrl\u00fc\u011f\u00fcnce H\u0131z\u0131rbey Camisi avlusunda kurulan stantta cuma namaz\u0131n\u0131n ard\u0131ndan vatanda\u015flara a\u015fure ikram edildi. \u0130krama vatanda\u015flar ilgi g\u00f6sterirken, zaman zaman uzun kuyruklar olu\u015ftu.<\/p>\n\n\n\n<p class=\"wp-block-paragraph\">Tekirda\u011f&#8217;da da Vak\u0131flar \u0130stanbul 1. B\u00f6lge M\u00fcd\u00fcrl\u00fc\u011f\u00fcnce Orta Camisi&#8217;nde cuma namaz\u0131n\u0131n ard\u0131ndan vatanda\u015flara a\u015fure da\u011f\u0131t\u0131ld\u0131<\/p>\n","protected":false},"excerpt":{"rendered":"<p>Edirne, K\u0131rklareli ve Tekirda\u011f&#8217;da muharrem ay\u0131 dolay\u0131s\u0131yla vatanda\u015flara a\u015fure da\u011f\u0131t\u0131ld\u0131. Edirne,&nbsp;K\u0131rklareli&nbsp;ve&nbsp;Tekirda\u011f&#8216;da muharrem ay\u0131 dolay\u0131s\u0131yla vatanda\u015flara&#8230;<\/p>\n","protected":false},"author":1,"featured_media":2469,"comment_status":"closed","ping_status":"closed","sticky":false,"template":"","format":"standard","meta":{"footnotes":""},"categories":[29],"tags":[],"ppma_author":[57],"class_list":["post-2468","post","type-post","status-publish","format-standard","has-post-thumbnail","hentry","category-gundem"],"authors":[{"term_id":57,"user_id":1,"is_guest":0,"slug":"admin","display_name":"Alp Aslan","avatar_url":"https:\/\/secure.gravatar.com\/avatar\/07c18c5ad3350b025db8f3328450e071acb435c703e565899c880c63362f137a?s=96&d=mm&r=g","author_category":"1","first_name":"Alp Aslan","last_name":"ER\u0130N","user_url":"http:\/\/www.gundem59.com.tr","job_title":"","description":""}],"_links":{"self":[{"href":"https:\/\/gundem59.com.tr\/index.php?rest_route=\/wp\/v2\/posts\/2468","targetHints":{"allow":["GET"]}}],"collection":[{"href":"https:\/\/gundem59.com.tr\/index.php?rest_route=\/wp\/v2\/posts"}],"about":[{"href":"https:\/\/gundem59.com.tr\/index.php?rest_route=\/wp\/v2\/types\/post"}],"author":[{"embeddable":true,"href":"https:\/\/gundem59.com.tr\/index.php?rest_route=\/wp\/v2\/users\/1"}],"replies":[{"embeddable":true,"href":"https:\/\/gundem59.com.tr\/index.php?rest_route=%2Fwp%2Fv2%2Fcomments&post=2468"}],"version-history":[{"count":1,"href":"https:\/\/gundem59.com.tr\/index.php?rest_route=\/wp\/v2\/posts\/2468\/revisions"}],"predecessor-version":[{"id":2470,"href":"https:\/\/gundem59.com.tr\/index.php?rest_route=\/wp\/v2\/posts\/2468\/revisions\/2470"}],"wp:featuredmedia":[{"embeddable":true,"href":"https:\/\/gundem59.com.tr\/index.php?rest_route=\/wp\/v2\/media\/2469"}],"wp:attachment":[{"href":"https:\/\/gundem59.com.tr\/index.php?rest_route=%2Fwp%2Fv2%2Fmedia&parent=2468"}],"wp:term":[{"taxonomy":"category","embeddable":true,"href":"https:\/\/gundem59.com.tr\/index.php?rest_route=%2Fwp%2Fv2%2Fcategories&post=2468"},{"taxonomy":"post_tag","embeddable":true,"href":"https:\/\/gundem59.com.tr\/index.php?rest_route=%2Fwp%2Fv2%2Ftags&post=2468"},{"taxonomy":"author","embeddable":true,"href":"https:\/\/gundem59.com.tr\/index.php?rest_route=%2Fwp%2Fv2%2Fppma_author&post=2468"}],"curies":[{"name":"wp","href":"https:\/\/api.w.org\/{rel}","templated":true}]}}