{"id":2465,"date":"2026-06-26T23:30:21","date_gmt":"2026-06-26T23:30:21","guid":{"rendered":"https:\/\/gundem59.com.tr\/?p=2465"},"modified":"2026-06-26T23:30:21","modified_gmt":"2026-06-26T23:30:21","slug":"26-06-2026da-evlilik-torenleri-yogun-ilgi-gordu","status":"publish","type":"post","link":"https:\/\/gundem59.com.tr\/?p=2465","title":{"rendered":"26.06.2026&#8217;da Evlilik T\u00f6renleri Yo\u011fun \u0130lgi G\u00f6rd\u00fc"},"content":{"rendered":"\n<p class=\"wp-block-paragraph\">Edirne, K\u0131rklareli ve Tekirda\u011f&#8217;da 26.06.2026&#8217;da 61 \u00e7ift mutlu bir g\u00fcn ya\u015fad\u0131.<\/p>\n\n\n\n<p class=\"wp-block-paragraph\"><a href=\"https:\/\/www.sondakika.com\/edirne\/\">Edirne<\/a>,&nbsp;<a href=\"https:\/\/www.sondakika.com\/kirklareli\/\">K\u0131rklareli<\/a>&nbsp;ve&nbsp;<a href=\"https:\/\/www.sondakika.com\/tekirdag\/\">Tekirda\u011f<\/a>&#8216;da &#8220;26.06.2026&#8221;da nikah k\u0131ymak isteyenler, d\u00fczenlenen t\u00f6renlerle hayatlar\u0131n\u0131 birle\u015ftirmenin mutlulu\u011funu ya\u015fad\u0131.<\/p>\n\n\n\n<p class=\"wp-block-paragraph\">Evlili\u011fe ad\u0131m atan \u00e7iftler rakamlar\u0131n tekrar\u0131 ve kolay hat\u0131rlanabilir olmas\u0131 nedeniyle yo\u011fun ilgi g\u00f6ren tarih i\u00e7in nikah dairelerinde yo\u011funluk olu\u015fturdu.<\/p>\n\n\n\n<p class=\"wp-block-paragraph\">Edirne&#8217;de nikah tarihlerinin \u00f6zel bir g\u00fcn olmas\u0131n\u0131 talep eden 14 \u00e7ift, belediyenin evlendirme birimine m\u00fcracaat etti.<\/p>\n\n\n\n<p class=\"wp-block-paragraph\">Ald\u0131klar\u0131 randevu sonras\u0131 bug\u00fcn nikah masas\u0131na oturan \u00e7iftler, &#8220;evet&#8221; diyerek hayatlar\u0131n\u0131 birle\u015ftirdi.<\/p>\n\n\n\n<p class=\"wp-block-paragraph\">Nikah t\u00f6renlerine kat\u0131lan aileler de \u00e7iftlerin bu \u00f6zel g\u00fcnde ya\u015fad\u0131klar\u0131 mutlulu\u011fa ortak oldu.<\/p>\n\n\n\n<p class=\"wp-block-paragraph\">Abd\u00fclkadir \u00d6zyaram\u0131\u015f ve Mihriban U\u011fur \u00e7ifti de bu \u00f6zel g\u00fcnde evlendi.<\/p>\n\n\n\n<p class=\"wp-block-paragraph\">\u00d6zyaram\u0131\u015f, izni dolay\u0131s\u0131yla nikah tarihlerinin bu \u00f6zel g\u00fcne denk geldi\u011fini s\u00f6yledi.<\/p>\n\n\n\n<p class=\"wp-block-paragraph\">Heyecanl\u0131 oldu\u011funu belirten \u00d6zyaram\u0131\u015f, &#8220;\u00c7ok anlaml\u0131 bir g\u00fcn. Bunun i\u00e7in mutluyuz.&#8221; dedi.<\/p>\n\n\n\n<p class=\"wp-block-paragraph\">Mihriban U\u011fur ise \u00f6zel bir tarihte evlenmenin mutlulu\u011funu ya\u015fad\u0131klar\u0131n\u0131 ifade etti.<\/p>\n\n\n\n<p class=\"wp-block-paragraph\">Tekirda\u011f ve K\u0131rklareli<\/p>\n\n\n\n<p class=\"wp-block-paragraph\">K\u0131rklareli il genelinde ise 27 \u00e7ift nikah t\u00f6reni i\u00e7in bu \u00f6zel g\u00fcn\u00fc tercih etti.<\/p>\n\n\n\n<p class=\"wp-block-paragraph\">Nikah salonuna gelen \u00e7iftlerden Kevser Engin ve Tayfun Can&#8217;\u0131n nikah i\u015flemi ger\u00e7ekle\u015ftirildi.<\/p>\n\n\n\n<p class=\"wp-block-paragraph\">Kevser Engin, &#8220;26.06.2026&#8221; tarihinin \u00e7ok anlaml\u0131 oldu\u011fu i\u00e7in tercih ettiklerini dile getirdi.<\/p>\n\n\n\n<p class=\"wp-block-paragraph\">Tekirda\u011f&#8217;da ise 20 \u00e7iftin nikah\u0131 k\u0131y\u0131ld\u0131.<\/p>\n","protected":false},"excerpt":{"rendered":"<p>Edirne, K\u0131rklareli ve Tekirda\u011f&#8217;da 26.06.2026&#8217;da 61 \u00e7ift mutlu bir g\u00fcn ya\u015fad\u0131. Edirne,&nbsp;K\u0131rklareli&nbsp;ve&nbsp;Tekirda\u011f&#8216;da &#8220;26.06.2026&#8221;da nikah k\u0131ymak&#8230;<\/p>\n","protected":false},"author":1,"featured_media":2466,"comment_status":"closed","ping_status":"closed","sticky":false,"template":"","format":"standard","meta":{"footnotes":""},"categories":[29,1],"tags":[],"ppma_author":[57],"class_list":["post-2465","post","type-post","status-publish","format-standard","has-post-thumbnail","hentry","category-gundem","category-tekirdag-gundemi"],"authors":[{"term_id":57,"user_id":1,"is_guest":0,"slug":"admin","display_name":"Alp Aslan","avatar_url":"https:\/\/secure.gravatar.com\/avatar\/07c18c5ad3350b025db8f3328450e071acb435c703e565899c880c63362f137a?s=96&d=mm&r=g","author_category":"1","first_name":"Alp Aslan","last_name":"ER\u0130N","user_url":"http:\/\/www.gundem59.com.tr","job_title":"","description":""}],"_links":{"self":[{"href":"https:\/\/gundem59.com.tr\/index.php?rest_route=\/wp\/v2\/posts\/2465","targetHints":{"allow":["GET"]}}],"collection":[{"href":"https:\/\/gundem59.com.tr\/index.php?rest_route=\/wp\/v2\/posts"}],"about":[{"href":"https:\/\/gundem59.com.tr\/index.php?rest_route=\/wp\/v2\/types\/post"}],"author":[{"embeddable":true,"href":"https:\/\/gundem59.com.tr\/index.php?rest_route=\/wp\/v2\/users\/1"}],"replies":[{"embeddable":true,"href":"https:\/\/gundem59.com.tr\/index.php?rest_route=%2Fwp%2Fv2%2Fcomments&post=2465"}],"version-history":[{"count":1,"href":"https:\/\/gundem59.com.tr\/index.php?rest_route=\/wp\/v2\/posts\/2465\/revisions"}],"predecessor-version":[{"id":2467,"href":"https:\/\/gundem59.com.tr\/index.php?rest_route=\/wp\/v2\/posts\/2465\/revisions\/2467"}],"wp:featuredmedia":[{"embeddable":true,"href":"https:\/\/gundem59.com.tr\/index.php?rest_route=\/wp\/v2\/media\/2466"}],"wp:attachment":[{"href":"https:\/\/gundem59.com.tr\/index.php?rest_route=%2Fwp%2Fv2%2Fmedia&parent=2465"}],"wp:term":[{"taxonomy":"category","embeddable":true,"href":"https:\/\/gundem59.com.tr\/index.php?rest_route=%2Fwp%2Fv2%2Fcategories&post=2465"},{"taxonomy":"post_tag","embeddable":true,"href":"https:\/\/gundem59.com.tr\/index.php?rest_route=%2Fwp%2Fv2%2Ftags&post=2465"},{"taxonomy":"author","embeddable":true,"href":"https:\/\/gundem59.com.tr\/index.php?rest_route=%2Fwp%2Fv2%2Fppma_author&post=2465"}],"curies":[{"name":"wp","href":"https:\/\/api.w.org\/{rel}","templated":true}]}}