{"id":2462,"date":"2026-06-26T23:27:23","date_gmt":"2026-06-26T23:27:23","guid":{"rendered":"https:\/\/gundem59.com.tr\/?p=2462"},"modified":"2026-06-26T23:27:23","modified_gmt":"2026-06-26T23:27:23","slug":"ogrencilere-lavanta-tarlasinda-karne-heyecani","status":"publish","type":"post","link":"https:\/\/gundem59.com.tr\/?p=2462","title":{"rendered":"\u00d6\u011frencilere lavanta tarlas\u0131nda karne heyecan\u0131"},"content":{"rendered":"\n<p class=\"wp-block-paragraph\">Tekirda\u011f&#8217;\u0131n Yaz\u0131r Mahallesi&#8217;ndeki lavanta tarlas\u0131nda d\u00fczenlenen t\u00f6renle \u00f6\u011frenciler, mor tarlalar aras\u0131nda karne alarak e\u011fitim y\u0131l\u0131n\u0131 tamamlad\u0131. Kaymakam ve protokol \u00fcyeleri karneleri da\u011f\u0131tt\u0131, \u00f6\u011frenciler hat\u0131ra foto\u011fraf\u0131 \u00e7ektirdi.<\/p>\n\n\n\n<p class=\"wp-block-paragraph\"><a href=\"https:\/\/www.sondakika.com\/tekirdag\/\">Tekirda\u011f<\/a>&#8216;\u0131n&nbsp;<a href=\"https:\/\/www.sondakika.com\/suleymanpasa\/\">S\u00fcleymanpa\u015fa<\/a>&nbsp;il\u00e7esine ba\u011fl\u0131 Yaz\u0131r Mahallesi&#8217;ndeki lavanta tarlas\u0131nda d\u00fczenlenen karne da\u011f\u0131t\u0131m t\u00f6reninde \u00f6\u011frenciler, e\u011fitim \u00f6\u011fretim y\u0131l\u0131n\u0131 mor tarlalar aras\u0131nda karne alarak tamamlad\u0131.<\/p>\n\n\n\n<p class=\"wp-block-paragraph\">S\u00fcleymanpa\u015fa il\u00e7esine ba\u011fl\u0131 k\u0131rsal Yaz\u0131r Mahallesi&#8217;nde bulunan lavanta tarlas\u0131, bu kez karne heyecan\u0131na ev sahipli\u011fi yapt\u0131. \u015eehit Halil Tuna Akg\u00f6z \u0130lkokulu \u00f6\u011frencileri i\u00e7in lavanta tarlas\u0131nda d\u00fczenlenen t\u00f6rende \u00f6\u011frenciler karnelerini do\u011fayla i\u00e7 i\u00e7e bir ortamda ald\u0131.<\/p>\n\n\n\n<p class=\"wp-block-paragraph\"><a href=\"https:\/\/www.sondakika.com\/karne\/\">Karne<\/a>&nbsp;da\u011f\u0131t\u0131m t\u00f6renine S\u00fcleymanpa\u015fa Kaymakam\u0131 Mahmut Nedim Tun\u00e7er, kurum m\u00fcd\u00fcrleri, m\u00fcd\u00fcr yard\u0131mc\u0131lar\u0131, \u00f6\u011fretmenler, \u00f6\u011frenciler ve veliler kat\u0131ld\u0131. Kaymakam Tun\u00e7er ile protokol \u00fcyeleri \u00f6\u011frencilere karnelerini takdim ederek iyi tatiller diledi.<\/p>\n\n\n\n<p class=\"wp-block-paragraph\">T\u00f6renin ard\u0131ndan \u00f6\u011frenciler ve aileleri mor lavanta tarlas\u0131nda bol bol hat\u0131ra foto\u011fraf\u0131 \u00e7ektirdi. Renkli g\u00f6r\u00fcnt\u00fclere sahne olan etkinlikte \u00f6\u011frenciler hem karne sevincini ya\u015fad\u0131 hem de yaz tatiline unutamayacaklar\u0131 bir ba\u015flang\u0131\u00e7 yapt\u0131.<\/p>\n\n\n\n<p class=\"wp-block-paragraph\">Etkinlikte a\u00e7\u0131klama yapan Tekirda\u011f \u0130l&nbsp;<a href=\"https:\/\/www.sondakika.com\/kultur\/\">K\u00fclt\u00fcr<\/a>&nbsp;Turizm M\u00fcd\u00fcr\u00fc \u00d6mer Faruk Karak\u00fc\u00e7\u00fck; &#8220;\u00c7ok heyecanl\u0131y\u0131z, \u00e7ok keyifliyiz. Bu g\u00fczel g\u00fcnde \u00e7ocuklar\u0131m\u0131z\u0131n karne heyecan\u0131n\u0131 b\u00f6ylesine g\u00fczel bir atmosferde ya\u015famas\u0131ndan bizde keyifliyiz. Onlar i\u00e7in \u00e7ok g\u00fczel anlar biriksin istiyoruz. \u0130lk karne heyecan\u0131 elbette hepimizinde haf\u0131zalar\u0131nda \u00f6nemlim bir yer ta\u015f\u0131r. Bizde Haf\u0131zalarda yer edecek bu \u00f6nemli g\u00fcn\u00fc bu g\u00fczel lavanta bah\u00e7esinde, bu keyifli ortamda unutulmaz bir an\u0131 olarak ya\u015fatmak istiyoruz. Bug\u00fcn 1. S\u0131n\u0131f \u00f6\u011frencilerimize karnelerini, b\u00fct\u00fcn y\u0131l boyunca emeklerinin kar\u015f\u0131l\u0131\u011f\u0131n\u0131 bu keyifli ortamda unutulmaz bir \u015fekilde ya\u015fataca\u011f\u0131m\u0131z i\u00e7in mutluyuz.\u015eehrimizde \u00e7e\u015fitli renklerimiz var. Kanolas\u0131ndan, Ay\u00e7i\u00e7e\u011fine, Kiraz\u0131ndan, Lavantas\u0131na, sayd\u0131\u011f\u0131m\u0131z sayamad\u0131\u011f\u0131m\u0131z b\u00fct\u00fcn renkleri \u00f6zellikle bu mevsimde keyifle ya\u015f\u0131yoruz. Bug\u00fcnde lavantan\u0131n keyfini hep birlikte ya\u015f\u0131yoruz. \u0130stanbul&#8217;a yak\u0131n bir lokasyon olmam\u0131z sebebiyle \u015fehrimizde ki bir \u00e7ok lavanta bah\u00e7esine t\u00fcm misafirlerimizi davet ediyoruz&#8221; dedi.<\/p>\n","protected":false},"excerpt":{"rendered":"<p>Tekirda\u011f&#8217;\u0131n Yaz\u0131r Mahallesi&#8217;ndeki lavanta tarlas\u0131nda d\u00fczenlenen t\u00f6renle \u00f6\u011frenciler, mor tarlalar aras\u0131nda karne alarak e\u011fitim y\u0131l\u0131n\u0131&#8230;<\/p>\n","protected":false},"author":1,"featured_media":2463,"comment_status":"closed","ping_status":"closed","sticky":false,"template":"","format":"standard","meta":{"footnotes":""},"categories":[29],"tags":[],"ppma_author":[57],"class_list":["post-2462","post","type-post","status-publish","format-standard","has-post-thumbnail","hentry","category-gundem"],"authors":[{"term_id":57,"user_id":1,"is_guest":0,"slug":"admin","display_name":"Alp Aslan","avatar_url":"https:\/\/secure.gravatar.com\/avatar\/07c18c5ad3350b025db8f3328450e071acb435c703e565899c880c63362f137a?s=96&d=mm&r=g","author_category":"1","first_name":"Alp Aslan","last_name":"ER\u0130N","user_url":"http:\/\/www.gundem59.com.tr","job_title":"","description":""}],"_links":{"self":[{"href":"https:\/\/gundem59.com.tr\/index.php?rest_route=\/wp\/v2\/posts\/2462","targetHints":{"allow":["GET"]}}],"collection":[{"href":"https:\/\/gundem59.com.tr\/index.php?rest_route=\/wp\/v2\/posts"}],"about":[{"href":"https:\/\/gundem59.com.tr\/index.php?rest_route=\/wp\/v2\/types\/post"}],"author":[{"embeddable":true,"href":"https:\/\/gundem59.com.tr\/index.php?rest_route=\/wp\/v2\/users\/1"}],"replies":[{"embeddable":true,"href":"https:\/\/gundem59.com.tr\/index.php?rest_route=%2Fwp%2Fv2%2Fcomments&post=2462"}],"version-history":[{"count":1,"href":"https:\/\/gundem59.com.tr\/index.php?rest_route=\/wp\/v2\/posts\/2462\/revisions"}],"predecessor-version":[{"id":2464,"href":"https:\/\/gundem59.com.tr\/index.php?rest_route=\/wp\/v2\/posts\/2462\/revisions\/2464"}],"wp:featuredmedia":[{"embeddable":true,"href":"https:\/\/gundem59.com.tr\/index.php?rest_route=\/wp\/v2\/media\/2463"}],"wp:attachment":[{"href":"https:\/\/gundem59.com.tr\/index.php?rest_route=%2Fwp%2Fv2%2Fmedia&parent=2462"}],"wp:term":[{"taxonomy":"category","embeddable":true,"href":"https:\/\/gundem59.com.tr\/index.php?rest_route=%2Fwp%2Fv2%2Fcategories&post=2462"},{"taxonomy":"post_tag","embeddable":true,"href":"https:\/\/gundem59.com.tr\/index.php?rest_route=%2Fwp%2Fv2%2Ftags&post=2462"},{"taxonomy":"author","embeddable":true,"href":"https:\/\/gundem59.com.tr\/index.php?rest_route=%2Fwp%2Fv2%2Fppma_author&post=2462"}],"curies":[{"name":"wp","href":"https:\/\/api.w.org\/{rel}","templated":true}]}}