{"id":246,"date":"2026-04-12T07:20:54","date_gmt":"2026-04-12T07:20:54","guid":{"rendered":"https:\/\/gundem59.com.tr\/?p=246"},"modified":"2026-04-12T07:20:54","modified_gmt":"2026-04-12T07:20:54","slug":"yazarliga-ilk-adimlarini-tek-atolyede-attilar","status":"publish","type":"post","link":"https:\/\/gundem59.com.tr\/?p=246","title":{"rendered":"YAZARLI\u011eA \u0130LK ADIMLARINI TEK AT\u00d6LYE&#8217;DE ATTILAR"},"content":{"rendered":"\n<p class=\"wp-block-paragraph\"><br>Tekirda\u011f B\u00fcy\u00fck\u015fehir Belediyesi Sa\u011fl\u0131k ve Sosyal Hizmetler Dairesi Ba\u015fkanl\u0131\u011f\u0131 taraf\u0131ndan \u00e7ocuklar\u0131n hayal g\u00fcc\u00fcn\u00fc ve yarat\u0131c\u0131 becerilerini geli\u015ftirmek amac\u0131yla hayata ge\u00e7irilen Yarat\u0131c\u0131 Yazarl\u0131k At\u00f6lyesi tamamland\u0131. At\u00f6lyeye kat\u0131lan \u00e7ocuklar, \u201cMinik Yazar\u201d sertifikalar\u0131n\u0131 ald\u0131lar.<\/p>\n\n\n\n<p class=\"wp-block-paragraph\"><strong>SEK\u0130Z HAFTA BOYUNCA YARATICILIK DOLU E\u011e\u0130T\u0130M<\/strong><\/p>\n\n\n\n<p class=\"wp-block-paragraph\">S\u00fcleymanpa\u015fa TEK At\u00f6lye\u2019de sekiz hafta boyunca devam eden programa 9-11 ya\u015f aras\u0131 \u00e7ocuklar kat\u0131ld\u0131. Kad\u0131n ve Aile Hizmetleri \u015eube M\u00fcd\u00fcrl\u00fc\u011f\u00fc \u00c7ocuk Geli\u015fimi \u00d6\u011fretmeni Ahsen \u00c7ebi G\u00fcldem taraf\u0131ndan verilen e\u011fitimler ile \u00e7ocuklar yarat\u0131c\u0131 yazarl\u0131k \u00e7al\u0131\u015fmalar\u0131n\u0131 uygulamal\u0131 olarak ger\u00e7ekle\u015ftirdiler.<\/p>\n\n\n\n<p class=\"wp-block-paragraph\"><strong>\u00d6ZG\u00dcN \u00c7ALI\u015eMALAR ORTAYA KOYDULAR<\/strong><\/p>\n\n\n\n<p class=\"wp-block-paragraph\">At\u00f6lye s\u00fcresince \u00e7ocuklar; hayal kurma, d\u00fc\u015f\u00fcncelerini yaz\u0131ya aktarma, hik\u00e2ye olu\u015fturma, karakter geli\u015ftirme, mek\u00e2n ve olay kurgulama gibi yarat\u0131c\u0131 yazarl\u0131k tekniklerini uygulama f\u0131rsat\u0131 buldular. Ger\u00e7ekle\u015ftirilen etkinlikler sayesinde birbirinden \u00f6zg\u00fcn \u00e7al\u0131\u015fmalar ortaya koyan \u00e7ocuklar, program sonunda sertifikalar\u0131n\u0131 almaya hak kazand\u0131lar.<\/p>\n\n\n\n<p class=\"wp-block-paragraph\"><strong>KEND\u0130LER\u0130N\u0130 \u0130FADE ETME BECER\u0130LER\u0130 GEL\u0130\u015eT\u0130<\/strong><\/p>\n\n\n\n<p class=\"wp-block-paragraph\">Yarat\u0131c\u0131 Yazarl\u0131k At\u00f6lyesi ile \u00e7ocuklar\u0131n duygu, d\u00fc\u015f\u00fcnce ve hayallerini yaz\u0131l\u0131 anlat\u0131m yoluyla ifade edebilmeleri te\u015fvik edildi. Program sayesinde \u00e7ocuklar hem hayal g\u00fc\u00e7lerini etkin \u015fekilde kullanmay\u0131 \u00f6\u011frendiler hem de yaz\u0131l\u0131 anlat\u0131m becerilerini geli\u015ftirerek kendilerini daha g\u00fc\u00e7l\u00fc ifade etme imk\u00e2n\u0131 buldular.<\/p>\n\n\n\n<p class=\"wp-block-paragraph\">B\u00fcy\u00fck\u015fehir Belediyesi Sa\u011fl\u0131k ve Sosyal Hizmetler Dairesi Ba\u015fkanl\u0131\u011f\u0131, \u00e7ocuk ve kad\u0131nlara y\u00f6nelik sosyal ve e\u011fitsel projelere \u00f6n\u00fcm\u00fczdeki s\u00fcre\u00e7te de devam edecek.<\/p>\n","protected":false},"excerpt":{"rendered":"<p>Tekirda\u011f B\u00fcy\u00fck\u015fehir Belediyesi Sa\u011fl\u0131k ve Sosyal Hizmetler Dairesi Ba\u015fkanl\u0131\u011f\u0131 taraf\u0131ndan \u00e7ocuklar\u0131n hayal g\u00fcc\u00fcn\u00fc ve yarat\u0131c\u0131&#8230;<\/p>\n","protected":false},"author":1,"featured_media":247,"comment_status":"open","ping_status":"open","sticky":false,"template":"","format":"standard","meta":{"footnotes":""},"categories":[1],"tags":[],"ppma_author":[57],"class_list":["post-246","post","type-post","status-publish","format-standard","has-post-thumbnail","hentry","category-tekirdag-gundemi"],"authors":[{"term_id":57,"user_id":1,"is_guest":0,"slug":"admin","display_name":"Alp Aslan","avatar_url":"https:\/\/secure.gravatar.com\/avatar\/07c18c5ad3350b025db8f3328450e071acb435c703e565899c880c63362f137a?s=96&d=mm&r=g","author_category":"1","first_name":"Alp Aslan","last_name":"ER\u0130N","user_url":"http:\/\/www.gundem59.com.tr","job_title":"","description":""}],"_links":{"self":[{"href":"https:\/\/gundem59.com.tr\/index.php?rest_route=\/wp\/v2\/posts\/246","targetHints":{"allow":["GET"]}}],"collection":[{"href":"https:\/\/gundem59.com.tr\/index.php?rest_route=\/wp\/v2\/posts"}],"about":[{"href":"https:\/\/gundem59.com.tr\/index.php?rest_route=\/wp\/v2\/types\/post"}],"author":[{"embeddable":true,"href":"https:\/\/gundem59.com.tr\/index.php?rest_route=\/wp\/v2\/users\/1"}],"replies":[{"embeddable":true,"href":"https:\/\/gundem59.com.tr\/index.php?rest_route=%2Fwp%2Fv2%2Fcomments&post=246"}],"version-history":[{"count":1,"href":"https:\/\/gundem59.com.tr\/index.php?rest_route=\/wp\/v2\/posts\/246\/revisions"}],"predecessor-version":[{"id":248,"href":"https:\/\/gundem59.com.tr\/index.php?rest_route=\/wp\/v2\/posts\/246\/revisions\/248"}],"wp:featuredmedia":[{"embeddable":true,"href":"https:\/\/gundem59.com.tr\/index.php?rest_route=\/wp\/v2\/media\/247"}],"wp:attachment":[{"href":"https:\/\/gundem59.com.tr\/index.php?rest_route=%2Fwp%2Fv2%2Fmedia&parent=246"}],"wp:term":[{"taxonomy":"category","embeddable":true,"href":"https:\/\/gundem59.com.tr\/index.php?rest_route=%2Fwp%2Fv2%2Fcategories&post=246"},{"taxonomy":"post_tag","embeddable":true,"href":"https:\/\/gundem59.com.tr\/index.php?rest_route=%2Fwp%2Fv2%2Ftags&post=246"},{"taxonomy":"author","embeddable":true,"href":"https:\/\/gundem59.com.tr\/index.php?rest_route=%2Fwp%2Fv2%2Fppma_author&post=246"}],"curies":[{"name":"wp","href":"https:\/\/api.w.org\/{rel}","templated":true}]}}