{"id":2459,"date":"2026-06-26T23:21:22","date_gmt":"2026-06-26T23:21:22","guid":{"rendered":"https:\/\/gundem59.com.tr\/?p=2459"},"modified":"2026-06-26T23:21:22","modified_gmt":"2026-06-26T23:21:22","slug":"ogrencilerin-karne-sevinci-tekirdagda-kutlandi","status":"publish","type":"post","link":"https:\/\/gundem59.com.tr\/?p=2459","title":{"rendered":"\u00d6\u011frencilerin Karne Sevinci Tekirda\u011f&#8217;da Kutland\u0131"},"content":{"rendered":"\n<p class=\"wp-block-paragraph\">Tekirda\u011f&#8217;da d\u00fczenlenen okuma yar\u0131\u015fmas\u0131nda \u00f6\u011frenciler karne sevinci ya\u015fad\u0131 ve etkinliklere kat\u0131ld\u0131.<\/p>\n\n\n\n<p class=\"wp-block-paragraph\"><a href=\"https:\/\/www.sondakika.com\/tekirdag\/\">Tekirda\u011f<\/a>&nbsp;\u0130l Emniyet M\u00fcd\u00fcrl\u00fc\u011f\u00fc taraf\u0131ndan S\u00fcleymanpa\u015fa il\u00e7esindeki 13 Kas\u0131m \u0130lkokulu&#8217;nda d\u00fczenlenen okuma yar\u0131\u015fmas\u0131 ve karne da\u011f\u0131t\u0131m etkinli\u011finde \u00f6\u011frenciler hem y\u0131l sonu heyecan\u0131 ya\u015fad\u0131 hem de \u00e7e\u015fitli etkinliklerle keyifli anlar ge\u00e7irdi.<\/p>\n\n\n\n<p class=\"wp-block-paragraph\">Tekirda\u011f \u0130l Emniyet M\u00fcd\u00fcrl\u00fc\u011f\u00fcnce 13 Kas\u0131m \u0130lkokulu&#8217;nda ger\u00e7ekle\u015ftirilen programda \u00f6\u011frenciler taraf\u0131ndan \u00e7e\u015fitli \u015fiirler okunurken, okulda e\u011fitim \u00f6\u011fretim y\u0131l\u0131 boyunca ger\u00e7ekle\u015ftirilen faaliyetler slayt g\u00f6sterisi e\u015fli\u011finde kat\u0131l\u0131mc\u0131lara sunuldu.<\/p>\n\n\n\n<p class=\"wp-block-paragraph\">Program\u0131n sonunda Tekirda\u011f \u0130l Emniyet M\u00fcd\u00fcr\u00fc Ahmet Metin Turanl\u0131 \u00f6\u011frencilerle bir araya gelerek karnelerini da\u011f\u0131tt\u0131. \u00d6\u011frencilere \u00e7e\u015fitli hediyeler de takdim eden Turanl\u0131, \u00e7ocuklar\u0131n karne sevincine ortak oldu. Etkinlik, \u00f6\u011frenciler ve davetlilerin hat\u0131ra foto\u011fraf\u0131 \u00e7ektirmesiyle sona erdi.<\/p>\n","protected":false},"excerpt":{"rendered":"<p>Tekirda\u011f&#8217;da d\u00fczenlenen okuma yar\u0131\u015fmas\u0131nda \u00f6\u011frenciler karne sevinci ya\u015fad\u0131 ve etkinliklere kat\u0131ld\u0131. Tekirda\u011f&nbsp;\u0130l Emniyet M\u00fcd\u00fcrl\u00fc\u011f\u00fc taraf\u0131ndan&#8230;<\/p>\n","protected":false},"author":1,"featured_media":2460,"comment_status":"closed","ping_status":"closed","sticky":false,"template":"","format":"standard","meta":{"footnotes":""},"categories":[1],"tags":[],"ppma_author":[57],"class_list":["post-2459","post","type-post","status-publish","format-standard","has-post-thumbnail","hentry","category-tekirdag-gundemi"],"authors":[{"term_id":57,"user_id":1,"is_guest":0,"slug":"admin","display_name":"Alp Aslan","avatar_url":"https:\/\/secure.gravatar.com\/avatar\/07c18c5ad3350b025db8f3328450e071acb435c703e565899c880c63362f137a?s=96&d=mm&r=g","author_category":"1","first_name":"Alp Aslan","last_name":"ER\u0130N","user_url":"http:\/\/www.gundem59.com.tr","job_title":"","description":""}],"_links":{"self":[{"href":"https:\/\/gundem59.com.tr\/index.php?rest_route=\/wp\/v2\/posts\/2459","targetHints":{"allow":["GET"]}}],"collection":[{"href":"https:\/\/gundem59.com.tr\/index.php?rest_route=\/wp\/v2\/posts"}],"about":[{"href":"https:\/\/gundem59.com.tr\/index.php?rest_route=\/wp\/v2\/types\/post"}],"author":[{"embeddable":true,"href":"https:\/\/gundem59.com.tr\/index.php?rest_route=\/wp\/v2\/users\/1"}],"replies":[{"embeddable":true,"href":"https:\/\/gundem59.com.tr\/index.php?rest_route=%2Fwp%2Fv2%2Fcomments&post=2459"}],"version-history":[{"count":1,"href":"https:\/\/gundem59.com.tr\/index.php?rest_route=\/wp\/v2\/posts\/2459\/revisions"}],"predecessor-version":[{"id":2461,"href":"https:\/\/gundem59.com.tr\/index.php?rest_route=\/wp\/v2\/posts\/2459\/revisions\/2461"}],"wp:featuredmedia":[{"embeddable":true,"href":"https:\/\/gundem59.com.tr\/index.php?rest_route=\/wp\/v2\/media\/2460"}],"wp:attachment":[{"href":"https:\/\/gundem59.com.tr\/index.php?rest_route=%2Fwp%2Fv2%2Fmedia&parent=2459"}],"wp:term":[{"taxonomy":"category","embeddable":true,"href":"https:\/\/gundem59.com.tr\/index.php?rest_route=%2Fwp%2Fv2%2Fcategories&post=2459"},{"taxonomy":"post_tag","embeddable":true,"href":"https:\/\/gundem59.com.tr\/index.php?rest_route=%2Fwp%2Fv2%2Ftags&post=2459"},{"taxonomy":"author","embeddable":true,"href":"https:\/\/gundem59.com.tr\/index.php?rest_route=%2Fwp%2Fv2%2Fppma_author&post=2459"}],"curies":[{"name":"wp","href":"https:\/\/api.w.org\/{rel}","templated":true}]}}