{"id":2453,"date":"2026-06-26T23:14:31","date_gmt":"2026-06-26T23:14:31","guid":{"rendered":"https:\/\/gundem59.com.tr\/?p=2453"},"modified":"2026-06-26T23:14:31","modified_gmt":"2026-06-26T23:14:31","slug":"tekirdagda-cikan-bicakli-kavgada-1-kisi-oldu","status":"publish","type":"post","link":"https:\/\/gundem59.com.tr\/?p=2453","title":{"rendered":"Tekirda\u011f&#8217;da \u00e7\u0131kan b\u0131\u00e7akl\u0131 kavgada 1 ki\u015fi \u00f6ld\u00fc"},"content":{"rendered":"\n<p class=\"wp-block-paragraph\">Tekirda\u011f&#8217;\u0131n S\u00fcleymanpa\u015fa il\u00e7esinde iki ki\u015fi aras\u0131nda \u00e7\u0131kan b\u0131\u00e7akl\u0131 kavgada bir ki\u015fi \u00f6ld\u00fc, \u015f\u00fcpheli tutukland\u0131.<\/p>\n\n\n\n<p class=\"wp-block-paragraph\">Tekirda\u011f&#8217;\u0131n S\u00fcleymanpa\u015fa il\u00e7esinde \u00e7\u0131kan b\u0131\u00e7akl\u0131 kavgada 1 ki\u015fi hayat\u0131n\u0131 kaybetti.<\/p>\n\n\n\n<p class=\"wp-block-paragraph\">Aydo\u011fdu Mahallesi&#8217;nde E.B. ile S.\u015e. aras\u0131nda hen\u00fcz bilinmeyen nedenle tart\u0131\u015fma \u00e7\u0131kt\u0131.<\/p>\n\n\n\n<p class=\"wp-block-paragraph\">Tart\u0131\u015fman\u0131n kavgaya d\u00f6n\u00fc\u015fmesi \u00fczerine E.B, S.\u015e&#8217;yi b\u0131\u00e7akla yaralad\u0131.<\/p>\n\n\n\n<p class=\"wp-block-paragraph\">\u0130hbar \u00fczerine olay yerine polis ve sa\u011fl\u0131k ekipleri sevk edildi.<\/p>\n\n\n\n<p class=\"wp-block-paragraph\">Sa\u011fl\u0131k ekiplerinin yapt\u0131\u011f\u0131 kontrolde, S.\u015e&#8217;nin hayat\u0131n\u0131 kaybetti\u011fi belirlendi.<\/p>\n\n\n\n<p class=\"wp-block-paragraph\">S.\u015e&#8217;nin cenazesi, olay yerindeki incelemelerinin ard\u0131ndan Tekirda\u011f \u0130smail Fehmi Cumal\u0131o\u011flu \u015eehir Hastanesi morguna kald\u0131r\u0131ld\u0131.<\/p>\n\n\n\n<p class=\"wp-block-paragraph\">G\u00f6zalt\u0131na al\u0131nan E.B, emniyetteki i\u015flemlerinin ard\u0131ndan sevk edildi\u011fi adliyede \u00e7\u0131kar\u0131ld\u0131\u011f\u0131 hakimlik\u00e7e tutukland\u0131.<\/p>\n","protected":false},"excerpt":{"rendered":"<p>Tekirda\u011f&#8217;\u0131n S\u00fcleymanpa\u015fa il\u00e7esinde iki ki\u015fi aras\u0131nda \u00e7\u0131kan b\u0131\u00e7akl\u0131 kavgada bir ki\u015fi \u00f6ld\u00fc, \u015f\u00fcpheli tutukland\u0131. Tekirda\u011f&#8217;\u0131n&#8230;<\/p>\n","protected":false},"author":1,"featured_media":2454,"comment_status":"closed","ping_status":"closed","sticky":false,"template":"","format":"standard","meta":{"footnotes":""},"categories":[14],"tags":[],"ppma_author":[57],"class_list":["post-2453","post","type-post","status-publish","format-standard","has-post-thumbnail","hentry","category-suleymanpasa"],"authors":[{"term_id":57,"user_id":1,"is_guest":0,"slug":"admin","display_name":"Alp Aslan","avatar_url":"https:\/\/secure.gravatar.com\/avatar\/07c18c5ad3350b025db8f3328450e071acb435c703e565899c880c63362f137a?s=96&d=mm&r=g","author_category":"1","first_name":"Alp Aslan","last_name":"ER\u0130N","user_url":"http:\/\/www.gundem59.com.tr","job_title":"","description":""}],"_links":{"self":[{"href":"https:\/\/gundem59.com.tr\/index.php?rest_route=\/wp\/v2\/posts\/2453","targetHints":{"allow":["GET"]}}],"collection":[{"href":"https:\/\/gundem59.com.tr\/index.php?rest_route=\/wp\/v2\/posts"}],"about":[{"href":"https:\/\/gundem59.com.tr\/index.php?rest_route=\/wp\/v2\/types\/post"}],"author":[{"embeddable":true,"href":"https:\/\/gundem59.com.tr\/index.php?rest_route=\/wp\/v2\/users\/1"}],"replies":[{"embeddable":true,"href":"https:\/\/gundem59.com.tr\/index.php?rest_route=%2Fwp%2Fv2%2Fcomments&post=2453"}],"version-history":[{"count":1,"href":"https:\/\/gundem59.com.tr\/index.php?rest_route=\/wp\/v2\/posts\/2453\/revisions"}],"predecessor-version":[{"id":2455,"href":"https:\/\/gundem59.com.tr\/index.php?rest_route=\/wp\/v2\/posts\/2453\/revisions\/2455"}],"wp:featuredmedia":[{"embeddable":true,"href":"https:\/\/gundem59.com.tr\/index.php?rest_route=\/wp\/v2\/media\/2454"}],"wp:attachment":[{"href":"https:\/\/gundem59.com.tr\/index.php?rest_route=%2Fwp%2Fv2%2Fmedia&parent=2453"}],"wp:term":[{"taxonomy":"category","embeddable":true,"href":"https:\/\/gundem59.com.tr\/index.php?rest_route=%2Fwp%2Fv2%2Fcategories&post=2453"},{"taxonomy":"post_tag","embeddable":true,"href":"https:\/\/gundem59.com.tr\/index.php?rest_route=%2Fwp%2Fv2%2Ftags&post=2453"},{"taxonomy":"author","embeddable":true,"href":"https:\/\/gundem59.com.tr\/index.php?rest_route=%2Fwp%2Fv2%2Fppma_author&post=2453"}],"curies":[{"name":"wp","href":"https:\/\/api.w.org\/{rel}","templated":true}]}}