{"id":2448,"date":"2026-06-26T23:08:54","date_gmt":"2026-06-26T23:08:54","guid":{"rendered":"https:\/\/gundem59.com.tr\/?p=2448"},"modified":"2026-06-26T23:08:56","modified_gmt":"2026-06-26T23:08:56","slug":"silahi-tutukluk-yapti-bakin-kocasini-neden-oldurmek-istemis","status":"publish","type":"post","link":"https:\/\/gundem59.com.tr\/?p=2448","title":{"rendered":"Silah\u0131 tutukluk yapt\u0131! Bak\u0131n kocas\u0131n\u0131 neden \u00f6ld\u00fcrmek istemi\u015f"},"content":{"rendered":"\n<p class=\"wp-block-paragraph\">Tekirda\u011f&#8217;da bo\u015fanma a\u015famas\u0131ndaki e\u015fini tabancayla \u00f6ld\u00fcrmeye \u00e7al\u0131\u015ft\u0131\u011f\u0131 iddia edilen kad\u0131n, silah\u0131n tutukluk yapmas\u0131 \u00fczerine \u00e7\u0131kan arbedede e\u015fini tabancan\u0131n kabzas\u0131yla yaralad\u0131. G\u00f6zalt\u0131na al\u0131nan kad\u0131n, ifadesinde bo\u015fanma s\u00fcrecindeki mal payla\u015f\u0131m\u0131 anla\u015fmazl\u0131\u011f\u0131 nedeniyle silah\u0131 &#8220;bir anl\u0131k \u00f6fkeyle&#8221; kulland\u0131\u011f\u0131n\u0131 s\u00f6yledi. \u015e\u00fcpheli, &#8220;kasten \u00f6ld\u00fcrmeye te\u015febb\u00fcs&#8221; su\u00e7undan tutuklan\u0131rken, soru\u015fturma s\u00fcr\u00fcyor.<\/p>\n\n\n\n<p class=\"wp-block-paragraph\"><a href=\"https:\/\/www.sondakika.com\/tekirdag\/\">Tekirda\u011f<\/a>&#8216;\u0131n&nbsp;<a href=\"https:\/\/www.sondakika.com\/cerkezkoy-2\/\">\u00c7erkezk\u00f6y<\/a>&nbsp;il\u00e7esinde bo\u015fanma a\u015famas\u0131ndaki e\u015fini tabancayla \u00f6ld\u00fcrmeye te\u015febb\u00fcs etti\u011fi \u00f6ne s\u00fcr\u00fclen kad\u0131n, silah\u0131n ate\u015f almamas\u0131 \u00fczerine \u00e7\u0131kan arbedede e\u015fini tabancan\u0131n kabzas\u0131yla yaralad\u0131. G\u00f6zalt\u0131na al\u0131nan kad\u0131n tutukland\u0131.<\/p>\n\n\n\n<h3 class=\"wp-block-heading\">TARTI\u015eMA KAVGAYA D\u00d6N\u00dc\u015eT\u00dc<\/h3>\n\n\n\n<p class=\"wp-block-paragraph\">Olay, \u00c7erkezk\u00f6y il\u00e7esi Ba\u011fl\u0131k Mahallesi Kartal Sokak&#8217;ta bulunan bir b\u00fcfede meydana geldi.&nbsp;\u0130ddiaya g\u00f6re bo\u015fanma a\u015famas\u0131ndaki Mersiye I. ile e\u015fi Rahim I. b\u00fcfede kar\u015f\u0131la\u015ft\u0131. Taraflar aras\u0131nda ba\u015flayan tart\u0131\u015fma k\u0131sa s\u00fcrede b\u00fcy\u00fcyerek kavgaya d\u00f6n\u00fc\u015ft\u00fc.<\/p>\n\n\n\n<figure class=\"wp-block-image\"><img  title=\"\" decoding=\"async\" src=\"https:\/\/foto.sondakika.com\/haber\/2026\/06\/26\/silahi-tutukluk-yapti-bakin-ko-19991439-8004_1_m.jpg\"  alt=\"silahi-tutukluk-yapti-bakin-ko-19991439-8004_1_m Silah\u0131 tutukluk yapt\u0131! Bak\u0131n kocas\u0131n\u0131 neden \u00f6ld\u00fcrmek istemi\u015f\" \/><\/figure>\n\n\n\n<h3 class=\"wp-block-heading\">S\u0130LAH TUTUKLUK YAPTI<\/h3>\n\n\n\n<p class=\"wp-block-paragraph\">\u0130ddiaya g\u00f6re Mersiye I., yan\u0131nda bulunan tabancay\u0131 e\u015fine do\u011frultarak ate\u015f etmek istedi. Ancak silah\u0131n tutukluk yapmas\u0131 nedeniyle ate\u015f ger\u00e7ekle\u015fmedi.&nbsp;Bunun \u00fczerine \u00e7\u0131kan arbedede Rahim I., tabancan\u0131n kabzas\u0131yla ba\u015f\u0131na ald\u0131\u011f\u0131 darbeyle yaraland\u0131. \u0130hbar \u00fczerine olay yerine sa\u011fl\u0131k ve polis ekipleri sevk edildi. Yaral\u0131, ilk m\u00fcdahalenin ard\u0131ndan tedbir ama\u00e7l\u0131 hastaneye kald\u0131r\u0131ld\u0131.<\/p>\n\n\n\n<figure class=\"wp-block-image\"><img  title=\"\" decoding=\"async\" src=\"https:\/\/foto.sondakika.com\/haber\/2026\/06\/26\/silahi-tutukluk-yapti-bakin-ko-19991439-3748_1_m.jpg\"  alt=\"silahi-tutukluk-yapti-bakin-ko-19991439-3748_1_m Silah\u0131 tutukluk yapt\u0131! Bak\u0131n kocas\u0131n\u0131 neden \u00f6ld\u00fcrmek istemi\u015f\" \/><\/figure>\n\n\n\n<h3 class=\"wp-block-heading\">&#8220;B\u0130R ANLIK \u00d6FKEYLE YAPTIM&#8221;<\/h3>\n\n\n\n<p class=\"wp-block-paragraph\">Polis ekiplerince g\u00f6zalt\u0131na al\u0131nan Mersiye I., ifadesinde bo\u015fanma s\u00fcrecinde ya\u015fanan mal payla\u015f\u0131m\u0131 anla\u015fmazl\u0131\u011f\u0131 nedeniyle &#8220;bir anl\u0131k \u00f6fkeyle&#8221; silah\u0131 kulland\u0131\u011f\u0131n\u0131 s\u00f6yledi.<\/p>\n\n\n\n<p class=\"wp-block-paragraph\">Emniyetteki i\u015flemlerinin ard\u0131ndan adliyeye sevk edilen kad\u0131n, &#8220;kasten \u00f6ld\u00fcrmeye te\u015febb\u00fcs&#8221; su\u00e7lamas\u0131yla \u00e7\u0131kar\u0131ld\u0131\u011f\u0131 mahkemece tutuklanarak cezaevine g\u00f6nderildi.&nbsp;Olayla ilgili soru\u015fturma s\u00fcr\u00fcyor.<\/p>\n","protected":false},"excerpt":{"rendered":"<p>Tekirda\u011f&#8217;da bo\u015fanma a\u015famas\u0131ndaki e\u015fini tabancayla \u00f6ld\u00fcrmeye \u00e7al\u0131\u015ft\u0131\u011f\u0131 iddia edilen kad\u0131n, silah\u0131n tutukluk yapmas\u0131 \u00fczerine \u00e7\u0131kan&#8230;<\/p>\n","protected":false},"author":1,"featured_media":2449,"comment_status":"closed","ping_status":"closed","sticky":false,"template":"","format":"standard","meta":{"footnotes":""},"categories":[6],"tags":[],"ppma_author":[57],"class_list":["post-2448","post","type-post","status-publish","format-standard","has-post-thumbnail","hentry","category-cerkezkoy"],"authors":[{"term_id":57,"user_id":1,"is_guest":0,"slug":"admin","display_name":"Alp Aslan","avatar_url":"https:\/\/secure.gravatar.com\/avatar\/07c18c5ad3350b025db8f3328450e071acb435c703e565899c880c63362f137a?s=96&d=mm&r=g","author_category":"1","first_name":"Alp Aslan","last_name":"ER\u0130N","user_url":"http:\/\/www.gundem59.com.tr","job_title":"","description":""}],"_links":{"self":[{"href":"https:\/\/gundem59.com.tr\/index.php?rest_route=\/wp\/v2\/posts\/2448","targetHints":{"allow":["GET"]}}],"collection":[{"href":"https:\/\/gundem59.com.tr\/index.php?rest_route=\/wp\/v2\/posts"}],"about":[{"href":"https:\/\/gundem59.com.tr\/index.php?rest_route=\/wp\/v2\/types\/post"}],"author":[{"embeddable":true,"href":"https:\/\/gundem59.com.tr\/index.php?rest_route=\/wp\/v2\/users\/1"}],"replies":[{"embeddable":true,"href":"https:\/\/gundem59.com.tr\/index.php?rest_route=%2Fwp%2Fv2%2Fcomments&post=2448"}],"version-history":[{"count":1,"href":"https:\/\/gundem59.com.tr\/index.php?rest_route=\/wp\/v2\/posts\/2448\/revisions"}],"predecessor-version":[{"id":2450,"href":"https:\/\/gundem59.com.tr\/index.php?rest_route=\/wp\/v2\/posts\/2448\/revisions\/2450"}],"wp:featuredmedia":[{"embeddable":true,"href":"https:\/\/gundem59.com.tr\/index.php?rest_route=\/wp\/v2\/media\/2449"}],"wp:attachment":[{"href":"https:\/\/gundem59.com.tr\/index.php?rest_route=%2Fwp%2Fv2%2Fmedia&parent=2448"}],"wp:term":[{"taxonomy":"category","embeddable":true,"href":"https:\/\/gundem59.com.tr\/index.php?rest_route=%2Fwp%2Fv2%2Fcategories&post=2448"},{"taxonomy":"post_tag","embeddable":true,"href":"https:\/\/gundem59.com.tr\/index.php?rest_route=%2Fwp%2Fv2%2Ftags&post=2448"},{"taxonomy":"author","embeddable":true,"href":"https:\/\/gundem59.com.tr\/index.php?rest_route=%2Fwp%2Fv2%2Fppma_author&post=2448"}],"curies":[{"name":"wp","href":"https:\/\/api.w.org\/{rel}","templated":true}]}}