{"id":2441,"date":"2026-06-26T09:06:31","date_gmt":"2026-06-26T09:06:31","guid":{"rendered":"https:\/\/gundem59.com.tr\/?p=2441"},"modified":"2026-06-26T09:06:32","modified_gmt":"2026-06-26T09:06:32","slug":"tekirdagda-senfonik-turkuler-konseri","status":"publish","type":"post","link":"https:\/\/gundem59.com.tr\/?p=2441","title":{"rendered":"Tekirda\u011f&#8217;da Senfonik T\u00fcrk\u00fcler Konseri"},"content":{"rendered":"\n<p class=\"wp-block-paragraph\">Maarif Orkestras\u0131, Tekirda\u011f&#8217;da &#8216;Senfonik T\u00fcrk\u00fcler&#8217; konseriyle Anadolu t\u00fcrk\u00fclerini seslendirdi.<\/p>\n\n\n\n<p class=\"wp-block-paragraph\"><a href=\"https:\/\/www.sondakika.com\/tekirdag\/\">Tekirda\u011f<\/a>&#8216;da \u0130l&nbsp;<a href=\"https:\/\/www.sondakika.com\/milli-egitim-mudurlugu\/\">Milli E\u011fitim M\u00fcd\u00fcrl\u00fc\u011f\u00fc<\/a>&nbsp;b\u00fcnyesinde kurulan Maarif Orkestras\u0131 taraf\u0131ndan &#8220;Senfonik T\u00fcrk\u00fcler&#8221; konseri d\u00fczenlendi.<\/p>\n\n\n\n<p class=\"wp-block-paragraph\">Valilik himayesinde&nbsp;<a href=\"https:\/\/www.sondakika.com\/yahya-kemal-beyatli\/\">Yahya Kemal Beyatl\u0131<\/a>&nbsp;<a href=\"https:\/\/www.sondakika.com\/kultur\/\">K\u00fclt\u00fcr<\/a>&nbsp;Merkezi&#8217;nde ger\u00e7ekle\u015ftirilen konserde, \u015fef Hasan Erg\u00fcl y\u00f6netimindeki Maarif Orkestras\u0131, Anadolu&#8217;nun farkl\u0131 y\u00f6relerine ait t\u00fcrk\u00fcleri senfonik d\u00fczenlemelerle seslendirdi.<\/p>\n\n\n\n<p class=\"wp-block-paragraph\">Konserde, T\u00fcrk halk m\u00fczi\u011finin sevilen eserleri senfonik yorumla dinleyicilere sunulurken, sanatseverler eserleri ilgiyle takip etti.<\/p>\n\n\n\n<p class=\"wp-block-paragraph\">Etkinli\u011fe kat\u0131lanlar, konser sonunda orkestra ve solistleri alk\u0131\u015flad\u0131.<\/p>\n\n\n\n<p class=\"wp-block-paragraph\">\u0130l Milli E\u011fitim M\u00fcd\u00fcr\u00fc Abd\u00fclaziz Yeniyol, organizasyonda eme\u011fi ge\u00e7en \u015fef Hasan Erg\u00fcl ve orkestra \u00fcyelerine te\u015fekk\u00fcr etti.<\/p>\n","protected":false},"excerpt":{"rendered":"<p>Maarif Orkestras\u0131, Tekirda\u011f&#8217;da &#8216;Senfonik T\u00fcrk\u00fcler&#8217; konseriyle Anadolu t\u00fcrk\u00fclerini seslendirdi. Tekirda\u011f&#8216;da \u0130l&nbsp;Milli E\u011fitim M\u00fcd\u00fcrl\u00fc\u011f\u00fc&nbsp;b\u00fcnyesinde kurulan Maarif&#8230;<\/p>\n","protected":false},"author":1,"featured_media":2442,"comment_status":"closed","ping_status":"closed","sticky":false,"template":"","format":"standard","meta":{"footnotes":""},"categories":[50],"tags":[],"ppma_author":[57],"class_list":["post-2441","post","type-post","status-publish","format-standard","has-post-thumbnail","hentry","category-kultur-ve-sanat"],"authors":[{"term_id":57,"user_id":1,"is_guest":0,"slug":"admin","display_name":"Alp Aslan","avatar_url":"https:\/\/secure.gravatar.com\/avatar\/07c18c5ad3350b025db8f3328450e071acb435c703e565899c880c63362f137a?s=96&d=mm&r=g","author_category":"1","first_name":"Alp Aslan","last_name":"ER\u0130N","user_url":"http:\/\/www.gundem59.com.tr","job_title":"","description":""}],"_links":{"self":[{"href":"https:\/\/gundem59.com.tr\/index.php?rest_route=\/wp\/v2\/posts\/2441","targetHints":{"allow":["GET"]}}],"collection":[{"href":"https:\/\/gundem59.com.tr\/index.php?rest_route=\/wp\/v2\/posts"}],"about":[{"href":"https:\/\/gundem59.com.tr\/index.php?rest_route=\/wp\/v2\/types\/post"}],"author":[{"embeddable":true,"href":"https:\/\/gundem59.com.tr\/index.php?rest_route=\/wp\/v2\/users\/1"}],"replies":[{"embeddable":true,"href":"https:\/\/gundem59.com.tr\/index.php?rest_route=%2Fwp%2Fv2%2Fcomments&post=2441"}],"version-history":[{"count":1,"href":"https:\/\/gundem59.com.tr\/index.php?rest_route=\/wp\/v2\/posts\/2441\/revisions"}],"predecessor-version":[{"id":2443,"href":"https:\/\/gundem59.com.tr\/index.php?rest_route=\/wp\/v2\/posts\/2441\/revisions\/2443"}],"wp:featuredmedia":[{"embeddable":true,"href":"https:\/\/gundem59.com.tr\/index.php?rest_route=\/wp\/v2\/media\/2442"}],"wp:attachment":[{"href":"https:\/\/gundem59.com.tr\/index.php?rest_route=%2Fwp%2Fv2%2Fmedia&parent=2441"}],"wp:term":[{"taxonomy":"category","embeddable":true,"href":"https:\/\/gundem59.com.tr\/index.php?rest_route=%2Fwp%2Fv2%2Fcategories&post=2441"},{"taxonomy":"post_tag","embeddable":true,"href":"https:\/\/gundem59.com.tr\/index.php?rest_route=%2Fwp%2Fv2%2Ftags&post=2441"},{"taxonomy":"author","embeddable":true,"href":"https:\/\/gundem59.com.tr\/index.php?rest_route=%2Fwp%2Fv2%2Fppma_author&post=2441"}],"curies":[{"name":"wp","href":"https:\/\/api.w.org\/{rel}","templated":true}]}}