{"id":2438,"date":"2026-06-26T09:04:28","date_gmt":"2026-06-26T09:04:28","guid":{"rendered":"https:\/\/gundem59.com.tr\/?p=2438"},"modified":"2026-06-26T09:04:28","modified_gmt":"2026-06-26T09:04:28","slug":"tekirdagda-mobil-itfaiye-istasyonlari-kuruldu","status":"publish","type":"post","link":"https:\/\/gundem59.com.tr\/?p=2438","title":{"rendered":"Tekirda\u011f&#8217;da Mobil \u0130tfaiye \u0130stasyonlar\u0131 Kuruldu"},"content":{"rendered":"\n<p class=\"wp-block-paragraph\">Tekirda\u011f B\u00fcy\u00fck\u015fehir Belediyesi, yaz aylar\u0131nda yang\u0131n riskine kar\u015f\u0131 6 noktada mobil itfaiye kurdu.<\/p>\n\n\n\n<p class=\"wp-block-paragraph\"><a href=\"https:\/\/www.sondakika.com\/tekirdag-buyuksehir-belediyesi\/\">Tekirda\u011f B\u00fcy\u00fck\u015fehir Belediyesi<\/a>, yaz aylar\u0131nda artan yang\u0131n riskine kar\u015f\u0131 kentin 6 farkl\u0131 noktas\u0131nda mobil itfaiye istasyonlar\u0131 olu\u015fturdu.<\/p>\n\n\n\n<p class=\"wp-block-paragraph\">Belediyeden yap\u0131lan a\u00e7\u0131klamaya g\u00f6re,&nbsp;<a href=\"https:\/\/www.sondakika.com\/itfaiye\/\">\u0130tfaiye<\/a>&nbsp;Dairesi Ba\u015fkanl\u0131\u011f\u0131nca, yaz d\u00f6neminde artan hava s\u0131cakl\u0131klar\u0131 ve iklim ko\u015fullar\u0131 nedeniyle y\u00fckselen yang\u0131n riskine kar\u015f\u0131 m\u00fcdahale kapasitesinin art\u0131r\u0131lmas\u0131 amac\u0131yla \u00e7al\u0131\u015fma ba\u015flat\u0131ld\u0131.<\/p>\n\n\n\n<p class=\"wp-block-paragraph\">Bu kapsamda, S\u00fcleymanpa\u015fa il\u00e7esi Karaevli Mahallesi, Marmaraere\u011flisi il\u00e7esi T\u00fcrkmenli Mahallesi, \u00c7orlu il\u00e7esi Havuzlar ve \u00d6nerler mahalleleri, Saray il\u00e7esi Beyazk\u00f6y Mahallesi ile \u00c7erkezk\u00f6y il\u00e7esi Velik\u00f6y Mahallesi&#8217;nde mobil itfaiye istasyonlar\u0131 kuruldu.<\/p>\n\n\n\n<p class=\"wp-block-paragraph\">\u0130tfaiye ekipleri modern ara\u00e7 ve ekipmanlar\u0131 ile deneyimli personelle yaz boyunca 7 g\u00fcn 24 saat esas\u0131na g\u00f6re g\u00f6rev yapmay\u0131 s\u00fcrd\u00fcrecek.<\/p>\n\n\n\n<p class=\"wp-block-paragraph\">A\u00e7\u0131klamada g\u00f6r\u00fc\u015flerine yer verilen Tekirda\u011f B\u00fcy\u00fck\u015fehir Belediye Ba\u015fkan\u0131 Candan Y\u00fcceer, mobil istasyonlarda g\u00f6rev yapan ekiplerin olas\u0131 yang\u0131n ve acil durumlara en k\u0131sa s\u00fcrede m\u00fcdahale edece\u011fini belirtti.<\/p>\n\n\n\n<p class=\"wp-block-paragraph\">Y\u00fcceer, ilk m\u00fcdahale s\u00fcresinin k\u0131salt\u0131lmas\u0131n\u0131n hedeflendi\u011fi uygulamayla, yang\u0131nlar\u0131n b\u00fcy\u00fcmeden kontrol alt\u0131na al\u0131nmas\u0131n\u0131n ve kent genelinde daha h\u0131zl\u0131 ve etkin m\u00fcdahale sa\u011flanmas\u0131n\u0131n ama\u00e7land\u0131\u011f\u0131n\u0131 aktard\u0131.<\/p>\n","protected":false},"excerpt":{"rendered":"<p>Tekirda\u011f B\u00fcy\u00fck\u015fehir Belediyesi, yaz aylar\u0131nda yang\u0131n riskine kar\u015f\u0131 6 noktada mobil itfaiye kurdu. Tekirda\u011f B\u00fcy\u00fck\u015fehir&#8230;<\/p>\n","protected":false},"author":1,"featured_media":2439,"comment_status":"closed","ping_status":"closed","sticky":false,"template":"","format":"standard","meta":{"footnotes":""},"categories":[1],"tags":[],"ppma_author":[57],"class_list":["post-2438","post","type-post","status-publish","format-standard","has-post-thumbnail","hentry","category-tekirdag-gundemi"],"authors":[{"term_id":57,"user_id":1,"is_guest":0,"slug":"admin","display_name":"Alp Aslan","avatar_url":"https:\/\/secure.gravatar.com\/avatar\/07c18c5ad3350b025db8f3328450e071acb435c703e565899c880c63362f137a?s=96&d=mm&r=g","author_category":"1","first_name":"Alp Aslan","last_name":"ER\u0130N","user_url":"http:\/\/www.gundem59.com.tr","job_title":"","description":""}],"_links":{"self":[{"href":"https:\/\/gundem59.com.tr\/index.php?rest_route=\/wp\/v2\/posts\/2438","targetHints":{"allow":["GET"]}}],"collection":[{"href":"https:\/\/gundem59.com.tr\/index.php?rest_route=\/wp\/v2\/posts"}],"about":[{"href":"https:\/\/gundem59.com.tr\/index.php?rest_route=\/wp\/v2\/types\/post"}],"author":[{"embeddable":true,"href":"https:\/\/gundem59.com.tr\/index.php?rest_route=\/wp\/v2\/users\/1"}],"replies":[{"embeddable":true,"href":"https:\/\/gundem59.com.tr\/index.php?rest_route=%2Fwp%2Fv2%2Fcomments&post=2438"}],"version-history":[{"count":1,"href":"https:\/\/gundem59.com.tr\/index.php?rest_route=\/wp\/v2\/posts\/2438\/revisions"}],"predecessor-version":[{"id":2440,"href":"https:\/\/gundem59.com.tr\/index.php?rest_route=\/wp\/v2\/posts\/2438\/revisions\/2440"}],"wp:featuredmedia":[{"embeddable":true,"href":"https:\/\/gundem59.com.tr\/index.php?rest_route=\/wp\/v2\/media\/2439"}],"wp:attachment":[{"href":"https:\/\/gundem59.com.tr\/index.php?rest_route=%2Fwp%2Fv2%2Fmedia&parent=2438"}],"wp:term":[{"taxonomy":"category","embeddable":true,"href":"https:\/\/gundem59.com.tr\/index.php?rest_route=%2Fwp%2Fv2%2Fcategories&post=2438"},{"taxonomy":"post_tag","embeddable":true,"href":"https:\/\/gundem59.com.tr\/index.php?rest_route=%2Fwp%2Fv2%2Ftags&post=2438"},{"taxonomy":"author","embeddable":true,"href":"https:\/\/gundem59.com.tr\/index.php?rest_route=%2Fwp%2Fv2%2Fppma_author&post=2438"}],"curies":[{"name":"wp","href":"https:\/\/api.w.org\/{rel}","templated":true}]}}