{"id":2432,"date":"2026-06-26T08:59:57","date_gmt":"2026-06-26T08:59:57","guid":{"rendered":"https:\/\/gundem59.com.tr\/?p=2432"},"modified":"2026-06-26T08:59:57","modified_gmt":"2026-06-26T08:59:57","slug":"trakyada-karne-torenleri-yapildi","status":"publish","type":"post","link":"https:\/\/gundem59.com.tr\/?p=2432","title":{"rendered":"Trakya&#8217;da Karne T\u00f6renleri Yap\u0131ld\u0131"},"content":{"rendered":"\n<p class=\"wp-block-paragraph\">Trakya&#8217;da okullar karne t\u00f6renleriyle yaz tatiline girdi, 62 bin 265 \u00f6\u011frenci karne ald\u0131.<\/p>\n\n\n\n<p class=\"wp-block-paragraph\">Trakya&#8217;da \u00f6\u011frenciler, okullarda d\u00fczenlenen karne t\u00f6reni sonras\u0131 yaz tatiline girdi.<\/p>\n\n\n\n<p class=\"wp-block-paragraph\">Edirne&#8217;de 2025-2026 e\u011fitim \u00f6\u011fretim y\u0131l\u0131n\u0131n sona ermesi dolay\u0131s\u0131yla karne t\u00f6reni d\u00fczenlendi.<\/p>\n\n\n\n<p class=\"wp-block-paragraph\">\u0130n\u00f6n\u00fc \u0130lkokulu&#8217;ndaki t\u00f6rende \u00f6\u011frencilere karnelerini da\u011f\u0131tan Edirne Vali Yard\u0131mc\u0131s\u0131 Turgut Suba\u015f\u0131, kent genelinde anas\u0131n\u0131f\u0131ndan liseye kadar 62 bin 265 \u00f6\u011frencinin karne ald\u0131\u011f\u0131n\u0131 s\u00f6yledi.<\/p>\n\n\n\n<p class=\"wp-block-paragraph\"><a href=\"https:\/\/www.sondakika.com\/egitim\/\">E\u011fitim<\/a>&nbsp;\u00f6\u011fretim y\u0131l\u0131na katk\u0131 sunan \u00f6\u011fretmenlere, okul y\u00f6neticilerine, velilere ve \u00f6\u011frencilere te\u015fekk\u00fcr eden Suba\u015f\u0131, \u00e7ocuklara iyi tatiller diledi.<\/p>\n\n\n\n<p class=\"wp-block-paragraph\">T\u00f6rene, \u0130l Milli E\u011fitim M\u00fcd\u00fcr\u00fc Dr. Ahmet Alireiso\u011flu, \u0130l Emniyet M\u00fcd\u00fcr\u00fc Muhittin Ayhan, \u0130l Milli E\u011fitim M\u00fcd\u00fcr Yard\u0131mc\u0131s\u0131 Nail Y\u0131lmaz ve \u00f6\u011fretmenler kat\u0131ld\u0131.<\/p>\n\n\n\n<p class=\"wp-block-paragraph\">K\u0131rklareli ve Tekirda\u011f<\/p>\n\n\n\n<p class=\"wp-block-paragraph\">K\u0131rklareli&#8217;nde de Ahmet Yener \u0130lkokulu&#8217;nda t\u00f6ren d\u00fczenlendi.<\/p>\n\n\n\n<p class=\"wp-block-paragraph\">Derslikleri gezen Vali U\u011fur Turan ile \u0130l Milli E\u011fitim M\u00fcd\u00fcr\u00fc Murat Alt\u0131n\u00f6z, \u00f6\u011frencilere karnelerini verdi.<\/p>\n\n\n\n<p class=\"wp-block-paragraph\">\u0130l genelinde 53 bin 822 \u00f6\u011frencinin karne heyecan\u0131 ya\u015fad\u0131\u011f\u0131n\u0131 ifade eden Vali Turan, \u00f6\u011frencilere iyi tatiller diledi.<\/p>\n\n\n\n<p class=\"wp-block-paragraph\">Tekirda\u011f&#8217;da da 212 bin 569 \u00f6\u011frenci karne ald\u0131.<\/p>\n","protected":false},"excerpt":{"rendered":"<p>Trakya&#8217;da okullar karne t\u00f6renleriyle yaz tatiline girdi, 62 bin 265 \u00f6\u011frenci karne ald\u0131. Trakya&#8217;da \u00f6\u011frenciler,&#8230;<\/p>\n","protected":false},"author":1,"featured_media":2433,"comment_status":"closed","ping_status":"closed","sticky":false,"template":"","format":"standard","meta":{"footnotes":""},"categories":[1],"tags":[],"ppma_author":[57],"class_list":["post-2432","post","type-post","status-publish","format-standard","has-post-thumbnail","hentry","category-tekirdag-gundemi"],"authors":[{"term_id":57,"user_id":1,"is_guest":0,"slug":"admin","display_name":"Alp Aslan","avatar_url":"https:\/\/secure.gravatar.com\/avatar\/07c18c5ad3350b025db8f3328450e071acb435c703e565899c880c63362f137a?s=96&d=mm&r=g","author_category":"1","first_name":"Alp Aslan","last_name":"ER\u0130N","user_url":"http:\/\/www.gundem59.com.tr","job_title":"","description":""}],"_links":{"self":[{"href":"https:\/\/gundem59.com.tr\/index.php?rest_route=\/wp\/v2\/posts\/2432","targetHints":{"allow":["GET"]}}],"collection":[{"href":"https:\/\/gundem59.com.tr\/index.php?rest_route=\/wp\/v2\/posts"}],"about":[{"href":"https:\/\/gundem59.com.tr\/index.php?rest_route=\/wp\/v2\/types\/post"}],"author":[{"embeddable":true,"href":"https:\/\/gundem59.com.tr\/index.php?rest_route=\/wp\/v2\/users\/1"}],"replies":[{"embeddable":true,"href":"https:\/\/gundem59.com.tr\/index.php?rest_route=%2Fwp%2Fv2%2Fcomments&post=2432"}],"version-history":[{"count":1,"href":"https:\/\/gundem59.com.tr\/index.php?rest_route=\/wp\/v2\/posts\/2432\/revisions"}],"predecessor-version":[{"id":2434,"href":"https:\/\/gundem59.com.tr\/index.php?rest_route=\/wp\/v2\/posts\/2432\/revisions\/2434"}],"wp:featuredmedia":[{"embeddable":true,"href":"https:\/\/gundem59.com.tr\/index.php?rest_route=\/wp\/v2\/media\/2433"}],"wp:attachment":[{"href":"https:\/\/gundem59.com.tr\/index.php?rest_route=%2Fwp%2Fv2%2Fmedia&parent=2432"}],"wp:term":[{"taxonomy":"category","embeddable":true,"href":"https:\/\/gundem59.com.tr\/index.php?rest_route=%2Fwp%2Fv2%2Fcategories&post=2432"},{"taxonomy":"post_tag","embeddable":true,"href":"https:\/\/gundem59.com.tr\/index.php?rest_route=%2Fwp%2Fv2%2Ftags&post=2432"},{"taxonomy":"author","embeddable":true,"href":"https:\/\/gundem59.com.tr\/index.php?rest_route=%2Fwp%2Fv2%2Fppma_author&post=2432"}],"curies":[{"name":"wp","href":"https:\/\/api.w.org\/{rel}","templated":true}]}}