{"id":2426,"date":"2026-06-25T21:45:22","date_gmt":"2026-06-25T21:45:22","guid":{"rendered":"https:\/\/gundem59.com.tr\/?p=2426"},"modified":"2026-06-25T21:45:22","modified_gmt":"2026-06-25T21:45:22","slug":"tekirdagda-seyir-halindeki-motosiklet-alev-alev-yandi","status":"publish","type":"post","link":"https:\/\/gundem59.com.tr\/?p=2426","title":{"rendered":"Tekirda\u011f&#8217;da seyir halindeki motosiklet alev alev yand\u0131"},"content":{"rendered":"\n<p class=\"wp-block-paragraph\">Tekirda\u011f&#8217;\u0131n S\u00fcleymanpa\u015fa il\u00e7esinde seyir halindeyken alev alan motosiklet kullan\u0131lamaz hale geldi. Yang\u0131nda yaralanan olmazken, yang\u0131n\u0131n benzin hortumundaki ka\u00e7aktan kaynaklanm\u0131\u015f olabilece\u011fi belirtildi.<\/p>\n\n\n\n<p class=\"wp-block-paragraph\"><a href=\"https:\/\/www.sondakika.com\/tekirdag\/\">Tekirda\u011f<\/a>&#8216;\u0131n&nbsp;<a href=\"https:\/\/www.sondakika.com\/suleymanpasa\/\">S\u00fcleymanpa\u015fa<\/a>&nbsp;il\u00e7esinde Malkara yolu \u00fczerinde seyir halindeyken alev alan motosiklet kullan\u0131lamaz hale geldi.<\/p>\n\n\n\n<p class=\"wp-block-paragraph\"><a href=\"https:\/\/www.sondakika.com\/olay\/\">Olay<\/a>, S\u00fcleymanpa\u015fa il\u00e7esi Malkara yolu \u00fczerinde meydana geldi. Edinilen bilgilere g\u00f6re, seyir halindeki motosiklette hen\u00fcz kesin nedeni belirlenemeyen bir sebeple yang\u0131n \u00e7\u0131kt\u0131. K\u0131sa s\u00fcrede b\u00fcy\u00fcyen alevler motosikleti sararken, s\u00fcr\u00fcc\u00fc arac\u0131 yol kenar\u0131na \u00e7ekerek durumu itfaiye ekiplerine bildirdi.<\/p>\n\n\n\n<p class=\"wp-block-paragraph\">\u0130hbar \u00fczerine olay yerine Tekirda\u011f B\u00fcy\u00fck\u015fehir Belediyesi itfaiye ekipleri sevk edildi. Ekiplerin h\u0131zl\u0131 m\u00fcdahalesi sonucu yang\u0131n kontrol alt\u0131na al\u0131narak s\u00f6nd\u00fcr\u00fcld\u00fc.<\/p>\n\n\n\n<p class=\"wp-block-paragraph\">Yang\u0131nda yaralanan olmazken, motosiklet tamamen yanarak kullan\u0131lamaz hale geldi. \u0130lk de\u011ferlendirmelere g\u00f6re yang\u0131n\u0131n, benzin hortumunda meydana gelen ka\u00e7ak nedeniyle s\u0131zan yak\u0131t\u0131n s\u0131cak motor blo\u011fu \u00fczerine d\u00f6k\u00fclerek tutu\u015fmas\u0131 sonucu \u00e7\u0131km\u0131\u015f olabilece\u011fi de\u011ferlendiriliyor.<\/p>\n","protected":false},"excerpt":{"rendered":"<p>Tekirda\u011f&#8217;\u0131n S\u00fcleymanpa\u015fa il\u00e7esinde seyir halindeyken alev alan motosiklet kullan\u0131lamaz hale geldi. Yang\u0131nda yaralanan olmazken, yang\u0131n\u0131n&#8230;<\/p>\n","protected":false},"author":1,"featured_media":2427,"comment_status":"closed","ping_status":"closed","sticky":false,"template":"","format":"standard","meta":{"footnotes":""},"categories":[14],"tags":[],"ppma_author":[57],"class_list":["post-2426","post","type-post","status-publish","format-standard","has-post-thumbnail","hentry","category-suleymanpasa"],"authors":[{"term_id":57,"user_id":1,"is_guest":0,"slug":"admin","display_name":"Alp Aslan","avatar_url":"https:\/\/secure.gravatar.com\/avatar\/07c18c5ad3350b025db8f3328450e071acb435c703e565899c880c63362f137a?s=96&d=mm&r=g","author_category":"1","first_name":"Alp Aslan","last_name":"ER\u0130N","user_url":"http:\/\/www.gundem59.com.tr","job_title":"","description":""}],"_links":{"self":[{"href":"https:\/\/gundem59.com.tr\/index.php?rest_route=\/wp\/v2\/posts\/2426","targetHints":{"allow":["GET"]}}],"collection":[{"href":"https:\/\/gundem59.com.tr\/index.php?rest_route=\/wp\/v2\/posts"}],"about":[{"href":"https:\/\/gundem59.com.tr\/index.php?rest_route=\/wp\/v2\/types\/post"}],"author":[{"embeddable":true,"href":"https:\/\/gundem59.com.tr\/index.php?rest_route=\/wp\/v2\/users\/1"}],"replies":[{"embeddable":true,"href":"https:\/\/gundem59.com.tr\/index.php?rest_route=%2Fwp%2Fv2%2Fcomments&post=2426"}],"version-history":[{"count":1,"href":"https:\/\/gundem59.com.tr\/index.php?rest_route=\/wp\/v2\/posts\/2426\/revisions"}],"predecessor-version":[{"id":2428,"href":"https:\/\/gundem59.com.tr\/index.php?rest_route=\/wp\/v2\/posts\/2426\/revisions\/2428"}],"wp:featuredmedia":[{"embeddable":true,"href":"https:\/\/gundem59.com.tr\/index.php?rest_route=\/wp\/v2\/media\/2427"}],"wp:attachment":[{"href":"https:\/\/gundem59.com.tr\/index.php?rest_route=%2Fwp%2Fv2%2Fmedia&parent=2426"}],"wp:term":[{"taxonomy":"category","embeddable":true,"href":"https:\/\/gundem59.com.tr\/index.php?rest_route=%2Fwp%2Fv2%2Fcategories&post=2426"},{"taxonomy":"post_tag","embeddable":true,"href":"https:\/\/gundem59.com.tr\/index.php?rest_route=%2Fwp%2Fv2%2Ftags&post=2426"},{"taxonomy":"author","embeddable":true,"href":"https:\/\/gundem59.com.tr\/index.php?rest_route=%2Fwp%2Fv2%2Fppma_author&post=2426"}],"curies":[{"name":"wp","href":"https:\/\/api.w.org\/{rel}","templated":true}]}}