{"id":2413,"date":"2026-06-25T11:15:02","date_gmt":"2026-06-25T11:15:02","guid":{"rendered":"https:\/\/gundem59.com.tr\/?p=2413"},"modified":"2026-06-25T11:15:03","modified_gmt":"2026-06-25T11:15:03","slug":"tekirdagda-yangin-riski-balya-ve-ot-bicimi-15-gun-yasak","status":"publish","type":"post","link":"https:\/\/gundem59.com.tr\/?p=2413","title":{"rendered":"Tekirda\u011f&#8217;da yang\u0131n riski: Balya ve ot bi\u00e7imi 15 g\u00fcn yasak"},"content":{"rendered":"\n<p class=\"wp-block-paragraph\">Tekirda\u011f Valili\u011fi, artan yang\u0131n riski nedeniyle 15 g\u00fcn s\u00fcreyle balya ba\u011flama ve tamburlu ot bi\u00e7imini yasaklad\u0131. Ayr\u0131ca bi\u00e7erd\u00f6verlerde yang\u0131n s\u00f6nd\u00fcrme ekipman\u0131 zorunlu hale getirildi, an\u0131z ve ate\u015f yakma yasakland\u0131.<\/p>\n\n\n\n<p class=\"wp-block-paragraph\"><a href=\"https:\/\/www.haberler.com\/tekirdag-valiligi\/\"><strong>Tekirda\u011f Valili\u011fi<\/strong><\/a>, artan yang\u0131n riski nedeniyle il genelinde balya ba\u011flama ve tamburlu ot bi\u00e7imi faaliyetlerinin 15 g\u00fcn s\u00fcreyle yasakland\u0131\u011f\u0131n\u0131 bildirdi.<\/p>\n\n\n\n<p class=\"wp-block-paragraph\">Valilikten yap\u0131lan a\u00e7\u0131klamada, y\u00fcksek hava s\u0131cakl\u0131klar\u0131 ve r\u00fczgar nedeniyle tar\u0131m alanlar\u0131nda yang\u0131n riskinin artt\u0131\u011f\u0131 belirtildi.<\/p>\n\n\n\n<p class=\"wp-block-paragraph\"><a href=\"https:\/\/www.haberler.com\/tekirdag\/\"><strong>Tekirda\u011f<\/strong><\/a>&nbsp;ve il\u00e7elerinde bug\u00fcnden itibaren 15 g\u00fcn boyunca balya ba\u011flama ve tamburlu ot bi\u00e7imi faaliyetlerinin durduruldu\u011fu aktar\u0131ld\u0131.<\/p>\n\n\n\n<p class=\"wp-block-paragraph\">K\u0131rsal alanda faaliyet g\u00f6steren her bi\u00e7erd\u00f6verde 2 adet 6 kilograml\u0131k yang\u0131n s\u00f6nd\u00fcrme t\u00fcp\u00fc ile 3 ton kapasiteli su tankeri veya ila\u00e7lama makinesi bulundurulmas\u0131n\u0131n zorunlu oldu\u011fu ifade edildi.<\/p>\n\n\n\n<p class=\"wp-block-paragraph\">Hasat \u00e7al\u0131\u015fmalar\u0131nda hava s\u0131cakl\u0131\u011f\u0131n\u0131n ve r\u00fczgar\u0131n artt\u0131\u011f\u0131 riskli saatlerde faaliyetlere ara verilmesinin istendi\u011fi belirtilen a\u00e7\u0131klamada, ba\u011f ve bah\u00e7e temizli\u011fi amac\u0131yla ate\u015f yak\u0131lmas\u0131, yol kenarlar\u0131na sigara izmariti veya cam at\u0131lmas\u0131 ile an\u0131z yak\u0131lmas\u0131n\u0131n da kesin olarak yasak oldu\u011fu kaydedildi.<\/p>\n\n\n\n<p class=\"wp-block-paragraph\">Vatanda\u015flardan yang\u0131n riskine kar\u015f\u0131 duyarl\u0131 olmalar\u0131 istenen a\u00e7\u0131klamada, \u015f\u00fcpheli bir durum veya yang\u0131n ba\u015flang\u0131c\u0131n\u0131n g\u00f6r\u00fclmesi halinde 112 Acil \u00c7a\u011fr\u0131 Merkezi&#8217;ne ihbarda bulunulmas\u0131 \u00e7a\u011fr\u0131s\u0131 yap\u0131ld\u0131.<\/p>\n","protected":false},"excerpt":{"rendered":"<p>Tekirda\u011f Valili\u011fi, artan yang\u0131n riski nedeniyle 15 g\u00fcn s\u00fcreyle balya ba\u011flama ve tamburlu ot bi\u00e7imini&#8230;<\/p>\n","protected":false},"author":1,"featured_media":2414,"comment_status":"closed","ping_status":"closed","sticky":false,"template":"","format":"standard","meta":{"footnotes":""},"categories":[29],"tags":[],"ppma_author":[57],"class_list":["post-2413","post","type-post","status-publish","format-standard","has-post-thumbnail","hentry","category-gundem"],"authors":[{"term_id":57,"user_id":1,"is_guest":0,"slug":"admin","display_name":"Alp Aslan","avatar_url":"https:\/\/secure.gravatar.com\/avatar\/07c18c5ad3350b025db8f3328450e071acb435c703e565899c880c63362f137a?s=96&d=mm&r=g","author_category":"1","first_name":"Alp Aslan","last_name":"ER\u0130N","user_url":"http:\/\/www.gundem59.com.tr","job_title":"","description":""}],"_links":{"self":[{"href":"https:\/\/gundem59.com.tr\/index.php?rest_route=\/wp\/v2\/posts\/2413","targetHints":{"allow":["GET"]}}],"collection":[{"href":"https:\/\/gundem59.com.tr\/index.php?rest_route=\/wp\/v2\/posts"}],"about":[{"href":"https:\/\/gundem59.com.tr\/index.php?rest_route=\/wp\/v2\/types\/post"}],"author":[{"embeddable":true,"href":"https:\/\/gundem59.com.tr\/index.php?rest_route=\/wp\/v2\/users\/1"}],"replies":[{"embeddable":true,"href":"https:\/\/gundem59.com.tr\/index.php?rest_route=%2Fwp%2Fv2%2Fcomments&post=2413"}],"version-history":[{"count":1,"href":"https:\/\/gundem59.com.tr\/index.php?rest_route=\/wp\/v2\/posts\/2413\/revisions"}],"predecessor-version":[{"id":2415,"href":"https:\/\/gundem59.com.tr\/index.php?rest_route=\/wp\/v2\/posts\/2413\/revisions\/2415"}],"wp:featuredmedia":[{"embeddable":true,"href":"https:\/\/gundem59.com.tr\/index.php?rest_route=\/wp\/v2\/media\/2414"}],"wp:attachment":[{"href":"https:\/\/gundem59.com.tr\/index.php?rest_route=%2Fwp%2Fv2%2Fmedia&parent=2413"}],"wp:term":[{"taxonomy":"category","embeddable":true,"href":"https:\/\/gundem59.com.tr\/index.php?rest_route=%2Fwp%2Fv2%2Fcategories&post=2413"},{"taxonomy":"post_tag","embeddable":true,"href":"https:\/\/gundem59.com.tr\/index.php?rest_route=%2Fwp%2Fv2%2Ftags&post=2413"},{"taxonomy":"author","embeddable":true,"href":"https:\/\/gundem59.com.tr\/index.php?rest_route=%2Fwp%2Fv2%2Fppma_author&post=2413"}],"curies":[{"name":"wp","href":"https:\/\/api.w.org\/{rel}","templated":true}]}}