{"id":2410,"date":"2026-06-25T11:13:34","date_gmt":"2026-06-25T11:13:34","guid":{"rendered":"https:\/\/gundem59.com.tr\/?p=2410"},"modified":"2026-06-25T11:13:34","modified_gmt":"2026-06-25T11:13:34","slug":"tekirdagda-yangin-riskine-karsi-6-farkli-noktada-mobil-itfaiye-istasyonu-kuruldu","status":"publish","type":"post","link":"https:\/\/gundem59.com.tr\/?p=2410","title":{"rendered":"Tekirda\u011f&#8217;da Yang\u0131n Riskine Kar\u015f\u0131 6 Farkl\u0131 Noktada Mobil \u0130tfaiye \u0130stasyonu Kuruldu."},"content":{"rendered":"\n<p class=\"wp-block-paragraph\">Tekirda\u011f&#8217;da yaz aylar\u0131nda artan yang\u0131n riskine kar\u015f\u0131 6 farkl\u0131 noktada mobil itfaiye istasyonu kuruldu. Bu istasyonlar, muhtemel yang\u0131nlara daha h\u0131zl\u0131 m\u00fcdahale edebilmek amac\u0131yla hizmet vermeye ba\u015flad\u0131.<\/p>\n\n\n\n<p class=\"wp-block-paragraph\">Tekirda\u011f B\u00fcy\u00fck\u015fehir Belediyesi \u0130tfaiye Dairesi Ba\u015fkanl\u0131\u011f\u0131, yaz mevsiminde artan s\u0131cakl\u0131klar ve kurakl\u0131k nedeniyle yang\u0131n riskine kar\u015f\u0131 yeni bir uygulama ba\u015flatt\u0131. Bu kapsamda, afet ve acil durumlara daha h\u0131zl\u0131 m\u00fcdahale edebilmek i\u00e7in mobil itfaiye istasyonlar\u0131 olu\u015fturuldu. Hedef, yang\u0131nlar\u0131n b\u00fcy\u00fcmeden kontrol alt\u0131na al\u0131nmas\u0131 i\u00e7in ilk m\u00fcdahale s\u00fcresini en aza indirmektir.<\/p>\n\n\n\n<p class=\"wp-block-paragraph\">\u00c7al\u0131\u015fmalar do\u011frultusunda, mobil itfaiye istasyonlar\u0131 Tekirda\u011f genelinde stratejik noktalara yerle\u015ftirildi. S\u00fcleymanpa\u015fa il\u00e7esi Karaevli Mahallesi, Marmaraere\u011flisi il\u00e7esi T\u00fcrkmenli Mahallesi, \u00c7orlu il\u00e7esi Havuzlar ve \u00d6nerler mahalleleri, Saray il\u00e7esi Beyazk\u00f6y Mahallesi ile \u00c7erkezk\u00f6y il\u00e7esi Velik\u00f6y Mahallesi olmak \u00fczere toplamda 6 b\u00f6lgeye bu istasyonlar konu\u015fland\u0131r\u0131ld\u0131.<\/p>\n","protected":false},"excerpt":{"rendered":"<p>Tekirda\u011f&#8217;da yaz aylar\u0131nda artan yang\u0131n riskine kar\u015f\u0131 6 farkl\u0131 noktada mobil itfaiye istasyonu kuruldu. Bu&#8230;<\/p>\n","protected":false},"author":1,"featured_media":2411,"comment_status":"closed","ping_status":"closed","sticky":false,"template":"","format":"standard","meta":{"footnotes":""},"categories":[29],"tags":[],"ppma_author":[57],"class_list":["post-2410","post","type-post","status-publish","format-standard","has-post-thumbnail","hentry","category-gundem"],"authors":[{"term_id":57,"user_id":1,"is_guest":0,"slug":"admin","display_name":"Alp Aslan","avatar_url":"https:\/\/secure.gravatar.com\/avatar\/07c18c5ad3350b025db8f3328450e071acb435c703e565899c880c63362f137a?s=96&d=mm&r=g","author_category":"1","first_name":"Alp Aslan","last_name":"ER\u0130N","user_url":"http:\/\/www.gundem59.com.tr","job_title":"","description":""}],"_links":{"self":[{"href":"https:\/\/gundem59.com.tr\/index.php?rest_route=\/wp\/v2\/posts\/2410","targetHints":{"allow":["GET"]}}],"collection":[{"href":"https:\/\/gundem59.com.tr\/index.php?rest_route=\/wp\/v2\/posts"}],"about":[{"href":"https:\/\/gundem59.com.tr\/index.php?rest_route=\/wp\/v2\/types\/post"}],"author":[{"embeddable":true,"href":"https:\/\/gundem59.com.tr\/index.php?rest_route=\/wp\/v2\/users\/1"}],"replies":[{"embeddable":true,"href":"https:\/\/gundem59.com.tr\/index.php?rest_route=%2Fwp%2Fv2%2Fcomments&post=2410"}],"version-history":[{"count":1,"href":"https:\/\/gundem59.com.tr\/index.php?rest_route=\/wp\/v2\/posts\/2410\/revisions"}],"predecessor-version":[{"id":2412,"href":"https:\/\/gundem59.com.tr\/index.php?rest_route=\/wp\/v2\/posts\/2410\/revisions\/2412"}],"wp:featuredmedia":[{"embeddable":true,"href":"https:\/\/gundem59.com.tr\/index.php?rest_route=\/wp\/v2\/media\/2411"}],"wp:attachment":[{"href":"https:\/\/gundem59.com.tr\/index.php?rest_route=%2Fwp%2Fv2%2Fmedia&parent=2410"}],"wp:term":[{"taxonomy":"category","embeddable":true,"href":"https:\/\/gundem59.com.tr\/index.php?rest_route=%2Fwp%2Fv2%2Fcategories&post=2410"},{"taxonomy":"post_tag","embeddable":true,"href":"https:\/\/gundem59.com.tr\/index.php?rest_route=%2Fwp%2Fv2%2Ftags&post=2410"},{"taxonomy":"author","embeddable":true,"href":"https:\/\/gundem59.com.tr\/index.php?rest_route=%2Fwp%2Fv2%2Fppma_author&post=2410"}],"curies":[{"name":"wp","href":"https:\/\/api.w.org\/{rel}","templated":true}]}}