{"id":2407,"date":"2026-06-25T11:12:02","date_gmt":"2026-06-25T11:12:02","guid":{"rendered":"https:\/\/gundem59.com.tr\/?p=2407"},"modified":"2026-06-25T11:12:02","modified_gmt":"2026-06-25T11:12:02","slug":"tekirdag-valiliginden-yangin-uyarisi","status":"publish","type":"post","link":"https:\/\/gundem59.com.tr\/?p=2407","title":{"rendered":"Tekirda\u011f Valili\u011finden yang\u0131n uyar\u0131s\u0131"},"content":{"rendered":"\n<p class=\"wp-block-paragraph\">Tekirda\u011f Valili\u011fi, yaz aylar\u0131nda artan&nbsp;<a href=\"https:\/\/www.hurriyet.com.tr\/haberleri\/yangin\" target=\"_blank\" rel=\"noreferrer noopener\">yang\u0131n<\/a>&nbsp;riskine kar\u015f\u0131 vatanda\u015flara dikkatli olunmas\u0131 \u00e7a\u011fr\u0131s\u0131nda bulundu.<\/p>\n\n\n\n<p class=\"wp-block-paragraph\">Valilikten yap\u0131lan a\u00e7\u0131klamada, k\u00fc\u00e7\u00fck ihmallerin b\u00fcy\u00fck yang\u0131nlara yol a\u00e7abilece\u011fi belirtilerek, \u00f6zellikle k\u0131rsal alanlarda ve tar\u0131m arazilerinde yang\u0131na sebep olabilecek davran\u0131\u015flardan ka\u00e7\u0131n\u0131lmas\u0131 istendi.<\/p>\n\n\n\n<p class=\"wp-block-paragraph\">A\u00e7\u0131klamada, &#8220;K\u00fc\u00e7\u00fck bir k\u0131v\u0131lc\u0131m, bir cam k\u0131r\u0131\u011f\u0131, s\u00f6nmemi\u015f bir ate\u015f veya bir izmarit&#8230; &#8216;Bir \u015fey olmaz&#8217; dedi\u011fimiz k\u00fc\u00e7\u00fck ihmaller, \u00fcreticilerimizin eme\u011fini ve gelece\u011fimizi k\u00fcle \u00e7eviriyor.&#8221; ifadelerine yer verildi.<\/p>\n\n\n\n<p class=\"wp-block-paragraph\">Vatanda\u015flar\u0131n yang\u0131n riskine kar\u015f\u0131 duyarl\u0131 olmalar\u0131 istenen a\u00e7\u0131klamada, can ve mal kay\u0131plar\u0131n\u0131n \u00f6nlenmesi i\u00e7in yang\u0131na neden olabilecek her t\u00fcrl\u00fc davran\u0131\u015ftan uzak durulmas\u0131 gerekti\u011fi ifade edildi.<\/p>\n","protected":false},"excerpt":{"rendered":"<p>Tekirda\u011f Valili\u011fi, yaz aylar\u0131nda artan&nbsp;yang\u0131n&nbsp;riskine kar\u015f\u0131 vatanda\u015flara dikkatli olunmas\u0131 \u00e7a\u011fr\u0131s\u0131nda bulundu. Valilikten yap\u0131lan a\u00e7\u0131klamada, k\u00fc\u00e7\u00fck&#8230;<\/p>\n","protected":false},"author":1,"featured_media":2408,"comment_status":"closed","ping_status":"closed","sticky":false,"template":"","format":"standard","meta":{"footnotes":""},"categories":[29],"tags":[],"ppma_author":[57],"class_list":["post-2407","post","type-post","status-publish","format-standard","has-post-thumbnail","hentry","category-gundem"],"authors":[{"term_id":57,"user_id":1,"is_guest":0,"slug":"admin","display_name":"Alp Aslan","avatar_url":"https:\/\/secure.gravatar.com\/avatar\/07c18c5ad3350b025db8f3328450e071acb435c703e565899c880c63362f137a?s=96&d=mm&r=g","author_category":"1","first_name":"Alp Aslan","last_name":"ER\u0130N","user_url":"http:\/\/www.gundem59.com.tr","job_title":"","description":""}],"_links":{"self":[{"href":"https:\/\/gundem59.com.tr\/index.php?rest_route=\/wp\/v2\/posts\/2407","targetHints":{"allow":["GET"]}}],"collection":[{"href":"https:\/\/gundem59.com.tr\/index.php?rest_route=\/wp\/v2\/posts"}],"about":[{"href":"https:\/\/gundem59.com.tr\/index.php?rest_route=\/wp\/v2\/types\/post"}],"author":[{"embeddable":true,"href":"https:\/\/gundem59.com.tr\/index.php?rest_route=\/wp\/v2\/users\/1"}],"replies":[{"embeddable":true,"href":"https:\/\/gundem59.com.tr\/index.php?rest_route=%2Fwp%2Fv2%2Fcomments&post=2407"}],"version-history":[{"count":1,"href":"https:\/\/gundem59.com.tr\/index.php?rest_route=\/wp\/v2\/posts\/2407\/revisions"}],"predecessor-version":[{"id":2409,"href":"https:\/\/gundem59.com.tr\/index.php?rest_route=\/wp\/v2\/posts\/2407\/revisions\/2409"}],"wp:featuredmedia":[{"embeddable":true,"href":"https:\/\/gundem59.com.tr\/index.php?rest_route=\/wp\/v2\/media\/2408"}],"wp:attachment":[{"href":"https:\/\/gundem59.com.tr\/index.php?rest_route=%2Fwp%2Fv2%2Fmedia&parent=2407"}],"wp:term":[{"taxonomy":"category","embeddable":true,"href":"https:\/\/gundem59.com.tr\/index.php?rest_route=%2Fwp%2Fv2%2Fcategories&post=2407"},{"taxonomy":"post_tag","embeddable":true,"href":"https:\/\/gundem59.com.tr\/index.php?rest_route=%2Fwp%2Fv2%2Ftags&post=2407"},{"taxonomy":"author","embeddable":true,"href":"https:\/\/gundem59.com.tr\/index.php?rest_route=%2Fwp%2Fv2%2Fppma_author&post=2407"}],"curies":[{"name":"wp","href":"https:\/\/api.w.org\/{rel}","templated":true}]}}