{"id":240,"date":"2026-04-12T07:16:10","date_gmt":"2026-04-12T07:16:10","guid":{"rendered":"https:\/\/gundem59.com.tr\/?p=240"},"modified":"2026-04-12T10:41:26","modified_gmt":"2026-04-12T10:41:26","slug":"turk-polis-teskilatinin-kurulus-yildonumu-munasebetiyle-celenk-sunma-toreni-duzenlendi","status":"publish","type":"post","link":"https:\/\/gundem59.com.tr\/?p=240","title":{"rendered":"T\u00fcrk Polis Te\u015fkilat\u0131n\u0131n Kurulu\u015f Y\u0131ld\u00f6n\u00fcm\u00fc M\u00fcnasebetiyle \u00c7elenk Sunma T\u00f6reni D\u00fczenlendi"},"content":{"rendered":"\n<p class=\"wp-block-paragraph\">T\u00fcrk Polis Te\u015fkilat\u0131n\u0131n kurulu\u015funun 181. y\u0131ld\u00f6n\u00fcm\u00fc m\u00fcnasebetiyle Tekirda\u011f Valili\u011fi \u00f6n\u00fcnde \u00c7elenk Sunma T\u00f6reni d\u00fczenlendi.<\/p>\n\n\n\n<p class=\"wp-block-paragraph\">D\u00fczenlenen t\u00f6rende Tekirda\u011f \u0130l Emniyet M\u00fcd\u00fcr\u00fc Ahmet Metin Turanl\u0131 taraf\u0131ndan Atat\u00fcrk An\u0131t\u0131\u2019na \u00e7elenk sunuldu.<\/p>\n\n\n\n<p class=\"wp-block-paragraph\">D\u00fczenlenen t\u00f6rene Valimiz Say\u0131n Recep Soyt\u00fcrk\u2019\u00fcn yan\u0131 s\u0131ra Tekirda\u011f Milletvekili \u0130lhami \u00d6zcan Aygun, Tekirda\u011f B\u00fcy\u00fck\u015fehir Belediye Ba\u015fkan\u0131 Dr. Candan Y\u00fcceer, Adalet Komisyonu Ba\u015fkan\u0131 Kadriye Atalay Kahraman, Tekirda\u011f Cumhuriyet Ba\u015fsavc\u0131s\u0131 Vekili Murat Yi\u011fiter, Tekirda\u011f Nam\u0131k Kemal \u00dcniversitesi Rekt\u00f6r\u00fc Prof. Dr. M\u00fcmin \u015eahin, Vali Yard\u0131mc\u0131lar\u0131 Mustafa \u00c7ek, Musa Aydemir, Vali Yard\u0131mc\u0131s\u0131 Vekili G\u00fcrb\u00fcz Salta\u015f, S\u00fcleymanpa\u015fa Kaymakam\u0131 Mahmut Nedim Tun\u00e7er, \u0130l Emniyet M\u00fcd\u00fcr\u00fc Ahmet Metin Turanl\u0131, \u0130l Jandarma Komutan\u0131 J. Alb. Ali G\u00fcng\u00f6r, Sahil G\u00fcvenlik Karakol Komutan\u0131 S. G. Yzb. Can \u00c7ak\u0131c\u0131, S\u00fcleymanpa\u015fa Belediye Ba\u015fkan\u0131 Volkan Nallar, Emniyet M\u00fcd\u00fcrleri, Polis Memurlar\u0131, Gaziler, bas\u0131n mensuplar\u0131 ve vatanda\u015flar kat\u0131ld\u0131.<\/p>\n\n\n\n<p class=\"wp-block-paragraph\"><\/p>\n","protected":false},"excerpt":{"rendered":"<p>T\u00fcrk Polis Te\u015fkilat\u0131n\u0131n kurulu\u015funun 181. y\u0131ld\u00f6n\u00fcm\u00fc m\u00fcnasebetiyle Tekirda\u011f Valili\u011fi \u00f6n\u00fcnde \u00c7elenk Sunma T\u00f6reni d\u00fczenlendi. D\u00fczenlenen&#8230;<\/p>\n","protected":false},"author":1,"featured_media":241,"comment_status":"open","ping_status":"open","sticky":false,"template":"","format":"standard","meta":{"footnotes":""},"categories":[1],"tags":[],"ppma_author":[57],"class_list":["post-240","post","type-post","status-publish","format-standard","has-post-thumbnail","hentry","category-tekirdag-gundemi"],"authors":[{"term_id":57,"user_id":1,"is_guest":0,"slug":"admin","display_name":"Alp Aslan","avatar_url":"https:\/\/secure.gravatar.com\/avatar\/07c18c5ad3350b025db8f3328450e071acb435c703e565899c880c63362f137a?s=96&d=mm&r=g","author_category":"1","first_name":"Alp Aslan","last_name":"ER\u0130N","user_url":"http:\/\/www.gundem59.com.tr","job_title":"","description":""}],"_links":{"self":[{"href":"https:\/\/gundem59.com.tr\/index.php?rest_route=\/wp\/v2\/posts\/240","targetHints":{"allow":["GET"]}}],"collection":[{"href":"https:\/\/gundem59.com.tr\/index.php?rest_route=\/wp\/v2\/posts"}],"about":[{"href":"https:\/\/gundem59.com.tr\/index.php?rest_route=\/wp\/v2\/types\/post"}],"author":[{"embeddable":true,"href":"https:\/\/gundem59.com.tr\/index.php?rest_route=\/wp\/v2\/users\/1"}],"replies":[{"embeddable":true,"href":"https:\/\/gundem59.com.tr\/index.php?rest_route=%2Fwp%2Fv2%2Fcomments&post=240"}],"version-history":[{"count":2,"href":"https:\/\/gundem59.com.tr\/index.php?rest_route=\/wp\/v2\/posts\/240\/revisions"}],"predecessor-version":[{"id":283,"href":"https:\/\/gundem59.com.tr\/index.php?rest_route=\/wp\/v2\/posts\/240\/revisions\/283"}],"wp:featuredmedia":[{"embeddable":true,"href":"https:\/\/gundem59.com.tr\/index.php?rest_route=\/wp\/v2\/media\/241"}],"wp:attachment":[{"href":"https:\/\/gundem59.com.tr\/index.php?rest_route=%2Fwp%2Fv2%2Fmedia&parent=240"}],"wp:term":[{"taxonomy":"category","embeddable":true,"href":"https:\/\/gundem59.com.tr\/index.php?rest_route=%2Fwp%2Fv2%2Fcategories&post=240"},{"taxonomy":"post_tag","embeddable":true,"href":"https:\/\/gundem59.com.tr\/index.php?rest_route=%2Fwp%2Fv2%2Ftags&post=240"},{"taxonomy":"author","embeddable":true,"href":"https:\/\/gundem59.com.tr\/index.php?rest_route=%2Fwp%2Fv2%2Fppma_author&post=240"}],"curies":[{"name":"wp","href":"https:\/\/api.w.org\/{rel}","templated":true}]}}