{"id":2395,"date":"2026-06-25T10:59:51","date_gmt":"2026-06-25T10:59:51","guid":{"rendered":"https:\/\/gundem59.com.tr\/?p=2395"},"modified":"2026-06-25T11:05:48","modified_gmt":"2026-06-25T11:05:48","slug":"bjk-genel-sekreteri-ugur-foradan-tekirdaga-ziyaret","status":"publish","type":"post","link":"https:\/\/gundem59.com.tr\/?p=2395","title":{"rendered":"BJK Genel Sekreteri U\u011fur Fora\u2019dan Tekirda\u011f\u2019a Ziyaret"},"content":{"rendered":"\n<p class=\"wp-block-paragraph\"><strong>2025-2026 E\u011fitim \u00d6\u011fretim Y\u0131l\u0131&#8217;n\u0131n sona ermesi dolay\u0131s\u0131yla Tekirda\u011f&#8217;a gelen Be\u015fikta\u015f Jimnastik Kul\u00fcb\u00fc Genel Sekreteri U\u011fur Fora ve Y\u00f6netim Kurulu \u00dcyeleri, Vali Vekili Kaan Peker\u2019i makam\u0131nda ziyaret etti.<\/strong><\/p>\n\n\n\n<figure class=\"wp-block-image size-large\"><img  title=\"\" loading=\"lazy\" decoding=\"async\" width=\"1024\" height=\"682\" src=\"https:\/\/gundem59.com.tr\/wp-content\/uploads\/2026\/06\/Adsizjkk-1024x682.png\"  alt=\"Adsizjkk-1024x682 BJK Genel Sekreteri U\u011fur Fora\u2019dan Tekirda\u011f\u2019a Ziyaret\"  class=\"wp-image-2401\" srcset=\"https:\/\/gundem59.com.tr\/wp-content\/uploads\/2026\/06\/Adsizjkk-1024x682.png 1024w, https:\/\/gundem59.com.tr\/wp-content\/uploads\/2026\/06\/Adsizjkk-300x200.png 300w, https:\/\/gundem59.com.tr\/wp-content\/uploads\/2026\/06\/Adsizjkk-768x512.png 768w, https:\/\/gundem59.com.tr\/wp-content\/uploads\/2026\/06\/Adsizjkk-1536x1023.png 1536w, https:\/\/gundem59.com.tr\/wp-content\/uploads\/2026\/06\/Adsizjkk.png 1600w\" sizes=\"auto, (max-width: 1024px) 100vw, 1024px\" \/><\/figure>\n\n\n\n<p class=\"wp-block-paragraph\">E\u011fitim \u00f6\u011fretim y\u0131l\u0131n\u0131n tamamlanmas\u0131 nedeniyle baz\u0131 okullarda \u00e7e\u015fitli ziyaretlerde bulunmak \u00fczere Tekirda\u011f&#8217;a gelen Be\u015fikta\u015f Jimnastik Kul\u00fcb\u00fc (BJK) Genel Sekreteri U\u011fur Fora ve beraberindeki Y\u00f6netim Kurulu \u00dcyeleri, Tekirda\u011f Vali Vekili Kaan Peker ile bir araya geldi.<\/p>\n\n\n\n<figure class=\"wp-block-image size-large\"><img  title=\"\" loading=\"lazy\" decoding=\"async\" width=\"1024\" height=\"682\" src=\"https:\/\/gundem59.com.tr\/wp-content\/uploads\/2026\/06\/IMG_20260625_WA0006-1024x682.jpg\"  alt=\"IMG_20260625_WA0006-1024x682 BJK Genel Sekreteri U\u011fur Fora\u2019dan Tekirda\u011f\u2019a Ziyaret\"  class=\"wp-image-2397\" srcset=\"https:\/\/gundem59.com.tr\/wp-content\/uploads\/2026\/06\/IMG_20260625_WA0006-1024x682.jpg 1024w, https:\/\/gundem59.com.tr\/wp-content\/uploads\/2026\/06\/IMG_20260625_WA0006-300x200.jpg 300w, https:\/\/gundem59.com.tr\/wp-content\/uploads\/2026\/06\/IMG_20260625_WA0006-768x512.jpg 768w, https:\/\/gundem59.com.tr\/wp-content\/uploads\/2026\/06\/IMG_20260625_WA0006-1536x1023.jpg 1536w, https:\/\/gundem59.com.tr\/wp-content\/uploads\/2026\/06\/IMG_20260625_WA0006.jpg 1600w\" sizes=\"auto, (max-width: 1024px) 100vw, 1024px\" \/><\/figure>\n\n\n\n<p class=\"wp-block-paragraph\">Valilik makam\u0131nda ger\u00e7ekle\u015fen ziyarette, e\u011fitim faaliyetleri ve gen\u00e7lere y\u00f6nelik \u00e7al\u0131\u015fmalar hakk\u0131nda g\u00f6r\u00fc\u015f al\u0131\u015fveri\u015finde bulunuldu. Vali Vekili Kaan Peker, nazik ziyaretlerinden dolay\u0131 BJK Genel Sekreteri U\u011fur Fora ve Y\u00f6netim Kurulu \u00dcyelerine te\u015fekk\u00fcr ederek \u00e7al\u0131\u015fmalar\u0131nda ba\u015far\u0131lar diledi.<\/p>\n\n\n\n<p class=\"wp-block-paragraph\">Samimi bir ortamda ger\u00e7ekle\u015fen ziyarette Tekirda\u011f Vali Yard\u0131mc\u0131s\u0131 G\u00fcnay \u00d6zt\u00fcrk de haz\u0131r bulundu.<\/p>\n\n\n\n<figure class=\"wp-block-image size-large\"><img  title=\"\" loading=\"lazy\" decoding=\"async\" width=\"1024\" height=\"680\" src=\"https:\/\/gundem59.com.tr\/wp-content\/uploads\/2026\/06\/IMG_20260625_WA0005-1024x680.jpg\"  alt=\"IMG_20260625_WA0005-1024x680 BJK Genel Sekreteri U\u011fur Fora\u2019dan Tekirda\u011f\u2019a Ziyaret\"  class=\"wp-image-2398\" srcset=\"https:\/\/gundem59.com.tr\/wp-content\/uploads\/2026\/06\/IMG_20260625_WA0005-1024x680.jpg 1024w, https:\/\/gundem59.com.tr\/wp-content\/uploads\/2026\/06\/IMG_20260625_WA0005-300x199.jpg 300w, https:\/\/gundem59.com.tr\/wp-content\/uploads\/2026\/06\/IMG_20260625_WA0005-768x510.jpg 768w, https:\/\/gundem59.com.tr\/wp-content\/uploads\/2026\/06\/IMG_20260625_WA0005-1536x1020.jpg 1536w, https:\/\/gundem59.com.tr\/wp-content\/uploads\/2026\/06\/IMG_20260625_WA0005.jpg 1600w\" sizes=\"auto, (max-width: 1024px) 100vw, 1024px\" \/><\/figure>\n\n\n\n<p class=\"wp-block-paragraph\">Ziyaret, g\u00fcn\u00fcn an\u0131s\u0131na \u00e7ekilen hat\u0131ra foto\u011fraf\u0131n\u0131n ard\u0131ndan sona erdi.<\/p>\n\n\n\n<figure class=\"wp-block-image size-large\"><img  title=\"\" loading=\"lazy\" decoding=\"async\" width=\"1024\" height=\"682\" src=\"https:\/\/gundem59.com.tr\/wp-content\/uploads\/2026\/06\/IMG_20260625_WA0004-1024x682.jpg\"  alt=\"IMG_20260625_WA0004-1024x682 BJK Genel Sekreteri U\u011fur Fora\u2019dan Tekirda\u011f\u2019a Ziyaret\"  class=\"wp-image-2396\" srcset=\"https:\/\/gundem59.com.tr\/wp-content\/uploads\/2026\/06\/IMG_20260625_WA0004-1024x682.jpg 1024w, https:\/\/gundem59.com.tr\/wp-content\/uploads\/2026\/06\/IMG_20260625_WA0004-300x200.jpg 300w, https:\/\/gundem59.com.tr\/wp-content\/uploads\/2026\/06\/IMG_20260625_WA0004-768x512.jpg 768w, https:\/\/gundem59.com.tr\/wp-content\/uploads\/2026\/06\/IMG_20260625_WA0004-1536x1023.jpg 1536w, https:\/\/gundem59.com.tr\/wp-content\/uploads\/2026\/06\/IMG_20260625_WA0004.jpg 1600w\" sizes=\"auto, (max-width: 1024px) 100vw, 1024px\" \/><\/figure>\n","protected":false},"excerpt":{"rendered":"<p>2025-2026 E\u011fitim \u00d6\u011fretim Y\u0131l\u0131&#8217;n\u0131n sona ermesi dolay\u0131s\u0131yla Tekirda\u011f&#8217;a gelen Be\u015fikta\u015f Jimnastik Kul\u00fcb\u00fc Genel Sekreteri U\u011fur&#8230;<\/p>\n","protected":false},"author":1,"featured_media":2402,"comment_status":"closed","ping_status":"closed","sticky":false,"template":"","format":"standard","meta":{"footnotes":""},"categories":[29],"tags":[],"ppma_author":[57],"class_list":["post-2395","post","type-post","status-publish","format-standard","has-post-thumbnail","hentry","category-gundem"],"authors":[{"term_id":57,"user_id":1,"is_guest":0,"slug":"admin","display_name":"Alp Aslan","avatar_url":"https:\/\/secure.gravatar.com\/avatar\/07c18c5ad3350b025db8f3328450e071acb435c703e565899c880c63362f137a?s=96&d=mm&r=g","author_category":"1","first_name":"Alp Aslan","last_name":"ER\u0130N","user_url":"http:\/\/www.gundem59.com.tr","job_title":"","description":""}],"_links":{"self":[{"href":"https:\/\/gundem59.com.tr\/index.php?rest_route=\/wp\/v2\/posts\/2395","targetHints":{"allow":["GET"]}}],"collection":[{"href":"https:\/\/gundem59.com.tr\/index.php?rest_route=\/wp\/v2\/posts"}],"about":[{"href":"https:\/\/gundem59.com.tr\/index.php?rest_route=\/wp\/v2\/types\/post"}],"author":[{"embeddable":true,"href":"https:\/\/gundem59.com.tr\/index.php?rest_route=\/wp\/v2\/users\/1"}],"replies":[{"embeddable":true,"href":"https:\/\/gundem59.com.tr\/index.php?rest_route=%2Fwp%2Fv2%2Fcomments&post=2395"}],"version-history":[{"count":2,"href":"https:\/\/gundem59.com.tr\/index.php?rest_route=\/wp\/v2\/posts\/2395\/revisions"}],"predecessor-version":[{"id":2403,"href":"https:\/\/gundem59.com.tr\/index.php?rest_route=\/wp\/v2\/posts\/2395\/revisions\/2403"}],"wp:featuredmedia":[{"embeddable":true,"href":"https:\/\/gundem59.com.tr\/index.php?rest_route=\/wp\/v2\/media\/2402"}],"wp:attachment":[{"href":"https:\/\/gundem59.com.tr\/index.php?rest_route=%2Fwp%2Fv2%2Fmedia&parent=2395"}],"wp:term":[{"taxonomy":"category","embeddable":true,"href":"https:\/\/gundem59.com.tr\/index.php?rest_route=%2Fwp%2Fv2%2Fcategories&post=2395"},{"taxonomy":"post_tag","embeddable":true,"href":"https:\/\/gundem59.com.tr\/index.php?rest_route=%2Fwp%2Fv2%2Ftags&post=2395"},{"taxonomy":"author","embeddable":true,"href":"https:\/\/gundem59.com.tr\/index.php?rest_route=%2Fwp%2Fv2%2Fppma_author&post=2395"}],"curies":[{"name":"wp","href":"https:\/\/api.w.org\/{rel}","templated":true}]}}