{"id":2389,"date":"2026-06-25T10:43:51","date_gmt":"2026-06-25T10:43:51","guid":{"rendered":"https:\/\/gundem59.com.tr\/?p=2389"},"modified":"2026-06-25T10:43:51","modified_gmt":"2026-06-25T10:43:51","slug":"tekirdagda-egitimcilere-tesekkur-belgeleri","status":"publish","type":"post","link":"https:\/\/gundem59.com.tr\/?p=2389","title":{"rendered":"Tekirda\u011f&#8217;da E\u011fitimcilere Te\u015fekk\u00fcr Belgeleri"},"content":{"rendered":"\n<p class=\"wp-block-paragraph\">Tekirda\u011f Milli E\u011fitim M\u00fcd\u00fcr\u00fc, sosyal sorumluluk projelerine katk\u0131 sa\u011flayan \u00f6\u011fretmenlere te\u015fekk\u00fcr etti.<\/p>\n\n\n\n<p class=\"wp-block-paragraph\"><a href=\"https:\/\/www.sondakika.com\/tekirdag\/\">Tekirda\u011f<\/a>&nbsp;Milli&nbsp;<a href=\"https:\/\/www.sondakika.com\/egitim\/\">E\u011fitim<\/a>&nbsp;M\u00fcd\u00fcr\u00fc Abd\u00fclaziz Yeniyol, e\u011fitim kurumlar\u0131nda y\u00fcr\u00fct\u00fclen sosyal sorumluluk, sa\u011fl\u0131k ve \u00e7evre bilinci \u00e7al\u0131\u015fmalar\u0131na katk\u0131 sa\u011flayan \u00f6\u011fretmen ve personele te\u015fekk\u00fcr belgesi verdi.<\/p>\n\n\n\n<p class=\"wp-block-paragraph\">\u0130l Milli E\u011fitim M\u00fcd\u00fcrl\u00fc\u011f\u00fcnden yap\u0131lan a\u00e7\u0131klamaya g\u00f6re, kurumda d\u00fczenlenen programda, sa\u011fl\u0131k, beslenme ve sosyal sorumluluk \u00e7al\u0131\u015fmalar\u0131 kapsam\u0131nda \u00e7\u00f6l yak fark\u0131ndal\u0131\u011f\u0131n\u0131n art\u0131r\u0131lmas\u0131 ve sa\u011fl\u0131kl\u0131 ya\u015fam al\u0131\u015fkanl\u0131klar\u0131n\u0131n desteklenmesi amac\u0131yla d\u00fczenlenen &#8220;Glutensiz ve Hareketli&nbsp;<a href=\"https:\/\/www.sondakika.com\/yasam\/\">Ya\u015fam<\/a>&#8221; etkinli\u011fine katk\u0131 sunan Ebru Nayim Fen Lisesi Sosyal Yard\u0131mla\u015fma ve Sosyal Sorumluluk Projeleri Kul\u00fcb\u00fc \u00f6\u011frencileri ile okul hem\u015firesi Fadime Erdo\u011fan&#8217;a te\u015fekk\u00fcr belgesi takdim edildi.<\/p>\n\n\n\n<p class=\"wp-block-paragraph\">Ayr\u0131ca, OPET Petrolc\u00fcl\u00fck A\u015e ile Milli E\u011fitim Bakanl\u0131\u011f\u0131 i\u015f birli\u011finde y\u00fcr\u00fct\u00fclen &#8220;Tertemiz Yar\u0131nlar Okullardan Ba\u015flar&#8221; projesi kapsam\u0131nda ger\u00e7ekle\u015ftirilen sosyal sorumluluk yar\u0131\u015fmas\u0131nda il genelinde derece elde eden okul \u00f6ncesi, ilkokul, ortaokul ve lise \u00f6\u011frencileri ad\u0131na proje sorumlusu \u00f6\u011fretmenlere de te\u015fekk\u00fcr belgesi verildi.<\/p>\n\n\n\n<p class=\"wp-block-paragraph\">Belgeleri takdim eden Yeniyol, \u00f6\u011frencilerin sosyal, k\u00fclt\u00fcrel ve \u00e7evresel fark\u0131ndal\u0131klar\u0131n\u0131n geli\u015ftirilmesine katk\u0131 sa\u011flayan \u00e7al\u0131\u015fmalarda g\u00f6rev alan \u00f6\u011fretmenlere, sa\u011fl\u0131k personeline ve projelerde eme\u011fi bulunan payda\u015flara te\u015fekk\u00fcr etti.<\/p>\n\n\n\n<p class=\"wp-block-paragraph\">Yeniyol, \u00f6zveriyle y\u00fcr\u00fct\u00fclen \u00e7al\u0131\u015fmalar\u0131n e\u011fitim camias\u0131na \u00f6nemli katk\u0131lar sundu\u011funu belirterek, g\u00f6rev alanlara ba\u015far\u0131lar diledi.<\/p>\n","protected":false},"excerpt":{"rendered":"<p>Tekirda\u011f Milli E\u011fitim M\u00fcd\u00fcr\u00fc, sosyal sorumluluk projelerine katk\u0131 sa\u011flayan \u00f6\u011fretmenlere te\u015fekk\u00fcr etti. Tekirda\u011f&nbsp;Milli&nbsp;E\u011fitim&nbsp;M\u00fcd\u00fcr\u00fc Abd\u00fclaziz Yeniyol,&#8230;<\/p>\n","protected":false},"author":1,"featured_media":2390,"comment_status":"closed","ping_status":"closed","sticky":false,"template":"","format":"standard","meta":{"footnotes":""},"categories":[29],"tags":[],"ppma_author":[57],"class_list":["post-2389","post","type-post","status-publish","format-standard","has-post-thumbnail","hentry","category-gundem"],"authors":[{"term_id":57,"user_id":1,"is_guest":0,"slug":"admin","display_name":"Alp Aslan","avatar_url":"https:\/\/secure.gravatar.com\/avatar\/07c18c5ad3350b025db8f3328450e071acb435c703e565899c880c63362f137a?s=96&d=mm&r=g","author_category":"1","first_name":"Alp Aslan","last_name":"ER\u0130N","user_url":"http:\/\/www.gundem59.com.tr","job_title":"","description":""}],"_links":{"self":[{"href":"https:\/\/gundem59.com.tr\/index.php?rest_route=\/wp\/v2\/posts\/2389","targetHints":{"allow":["GET"]}}],"collection":[{"href":"https:\/\/gundem59.com.tr\/index.php?rest_route=\/wp\/v2\/posts"}],"about":[{"href":"https:\/\/gundem59.com.tr\/index.php?rest_route=\/wp\/v2\/types\/post"}],"author":[{"embeddable":true,"href":"https:\/\/gundem59.com.tr\/index.php?rest_route=\/wp\/v2\/users\/1"}],"replies":[{"embeddable":true,"href":"https:\/\/gundem59.com.tr\/index.php?rest_route=%2Fwp%2Fv2%2Fcomments&post=2389"}],"version-history":[{"count":1,"href":"https:\/\/gundem59.com.tr\/index.php?rest_route=\/wp\/v2\/posts\/2389\/revisions"}],"predecessor-version":[{"id":2391,"href":"https:\/\/gundem59.com.tr\/index.php?rest_route=\/wp\/v2\/posts\/2389\/revisions\/2391"}],"wp:featuredmedia":[{"embeddable":true,"href":"https:\/\/gundem59.com.tr\/index.php?rest_route=\/wp\/v2\/media\/2390"}],"wp:attachment":[{"href":"https:\/\/gundem59.com.tr\/index.php?rest_route=%2Fwp%2Fv2%2Fmedia&parent=2389"}],"wp:term":[{"taxonomy":"category","embeddable":true,"href":"https:\/\/gundem59.com.tr\/index.php?rest_route=%2Fwp%2Fv2%2Fcategories&post=2389"},{"taxonomy":"post_tag","embeddable":true,"href":"https:\/\/gundem59.com.tr\/index.php?rest_route=%2Fwp%2Fv2%2Ftags&post=2389"},{"taxonomy":"author","embeddable":true,"href":"https:\/\/gundem59.com.tr\/index.php?rest_route=%2Fwp%2Fv2%2Fppma_author&post=2389"}],"curies":[{"name":"wp","href":"https:\/\/api.w.org\/{rel}","templated":true}]}}