{"id":2386,"date":"2026-06-25T10:41:39","date_gmt":"2026-06-25T10:41:39","guid":{"rendered":"https:\/\/gundem59.com.tr\/?p=2386"},"modified":"2026-06-25T10:41:39","modified_gmt":"2026-06-25T10:41:39","slug":"tekirdagda-elektrik-direginden-yangin-cikti","status":"publish","type":"post","link":"https:\/\/gundem59.com.tr\/?p=2386","title":{"rendered":"Tekirda\u011f&#8217;da Elektrik Dire\u011finden Yang\u0131n \u00c7\u0131kt\u0131"},"content":{"rendered":"\n<p class=\"wp-block-paragraph\">Muratl\u0131&#8217;da \u00e7\u0131kan yang\u0131n, elektrik dire\u011finden s\u0131\u00e7rayan k\u0131v\u0131lc\u0131mlarla ba\u015flad\u0131. \u0130tfaiye durumu kontrol alt\u0131na ald\u0131.<\/p>\n\n\n\n<p class=\"wp-block-paragraph\"><a href=\"https:\/\/www.sondakika.com\/tekirdag\/\">Tekirda\u011f<\/a>&#8216;\u0131n&nbsp;<a href=\"https:\/\/www.sondakika.com\/muratli\/\">Muratl\u0131<\/a>&nbsp;il\u00e7esinde Ye\u015fils\u0131rt Mahallesi&#8217;nde gece saatlerinde \u00e7\u0131kan yang\u0131n k\u0131sa s\u00fcreli pani\u011fe neden oldu.<\/p>\n\n\n\n<p class=\"wp-block-paragraph\">Edinilen bilgiye g\u00f6re, Ye\u015fils\u0131rt Mahallesi&#8217;nin S\u00fcleymanpa\u015fa y\u00f6n\u00fcndeki mahalle \u00e7\u0131k\u0131\u015f\u0131nda bulunan elektrik dire\u011finden s\u0131\u00e7rayan k\u0131v\u0131lc\u0131mlar, yol kenar\u0131ndaki otluk alanda yang\u0131na yol a\u00e7t\u0131. Yang\u0131n\u0131 fark eden mahalle sakinlerinden Yavuz Demircio\u011flu, alevlere ilk m\u00fcdahaleyi kendi imkanlar\u0131yla yapt\u0131. \u0130hbar \u00fczerine olay yerine itfaiye ekipleri sevk edildi. K\u0131sa s\u00fcrede b\u00f6lgeye ula\u015fan ekipler, yang\u0131na m\u00fcdahale ederek alevleri kontrol alt\u0131na ald\u0131. Yang\u0131n\u0131n hemen yan\u0131nda bulunan bu\u011fday tarlas\u0131na s\u0131\u00e7ramadan s\u00f6nd\u00fcr\u00fclmesi sevindirdi. Yang\u0131n\u0131n tamamen kontrol alt\u0131na al\u0131nmas\u0131n\u0131n ard\u0131ndan ekipler b\u00f6lgede so\u011futma \u00e7al\u0131\u015fmas\u0131 ba\u015flatt\u0131. Olayda herhangi bir can kayb\u0131 ya da yaralanma ya\u015fanmazken, yang\u0131n\u0131n elektrik dire\u011finden \u00e7\u0131kan k\u0131v\u0131lc\u0131mlar\u0131n kuru otlar\u0131 tutu\u015fturmas\u0131 sonucu meydana geldi\u011fi belirtildi.<\/p>\n","protected":false},"excerpt":{"rendered":"<p>Muratl\u0131&#8217;da \u00e7\u0131kan yang\u0131n, elektrik dire\u011finden s\u0131\u00e7rayan k\u0131v\u0131lc\u0131mlarla ba\u015flad\u0131. \u0130tfaiye durumu kontrol alt\u0131na ald\u0131. Tekirda\u011f&#8216;\u0131n&nbsp;Muratl\u0131&nbsp;il\u00e7esinde Ye\u015fils\u0131rt&#8230;<\/p>\n","protected":false},"author":1,"featured_media":2387,"comment_status":"closed","ping_status":"closed","sticky":false,"template":"","format":"standard","meta":{"footnotes":""},"categories":[12],"tags":[],"ppma_author":[57],"class_list":["post-2386","post","type-post","status-publish","format-standard","has-post-thumbnail","hentry","category-muratli"],"authors":[{"term_id":57,"user_id":1,"is_guest":0,"slug":"admin","display_name":"Alp Aslan","avatar_url":"https:\/\/secure.gravatar.com\/avatar\/07c18c5ad3350b025db8f3328450e071acb435c703e565899c880c63362f137a?s=96&d=mm&r=g","author_category":"1","first_name":"Alp Aslan","last_name":"ER\u0130N","user_url":"http:\/\/www.gundem59.com.tr","job_title":"","description":""}],"_links":{"self":[{"href":"https:\/\/gundem59.com.tr\/index.php?rest_route=\/wp\/v2\/posts\/2386","targetHints":{"allow":["GET"]}}],"collection":[{"href":"https:\/\/gundem59.com.tr\/index.php?rest_route=\/wp\/v2\/posts"}],"about":[{"href":"https:\/\/gundem59.com.tr\/index.php?rest_route=\/wp\/v2\/types\/post"}],"author":[{"embeddable":true,"href":"https:\/\/gundem59.com.tr\/index.php?rest_route=\/wp\/v2\/users\/1"}],"replies":[{"embeddable":true,"href":"https:\/\/gundem59.com.tr\/index.php?rest_route=%2Fwp%2Fv2%2Fcomments&post=2386"}],"version-history":[{"count":1,"href":"https:\/\/gundem59.com.tr\/index.php?rest_route=\/wp\/v2\/posts\/2386\/revisions"}],"predecessor-version":[{"id":2388,"href":"https:\/\/gundem59.com.tr\/index.php?rest_route=\/wp\/v2\/posts\/2386\/revisions\/2388"}],"wp:featuredmedia":[{"embeddable":true,"href":"https:\/\/gundem59.com.tr\/index.php?rest_route=\/wp\/v2\/media\/2387"}],"wp:attachment":[{"href":"https:\/\/gundem59.com.tr\/index.php?rest_route=%2Fwp%2Fv2%2Fmedia&parent=2386"}],"wp:term":[{"taxonomy":"category","embeddable":true,"href":"https:\/\/gundem59.com.tr\/index.php?rest_route=%2Fwp%2Fv2%2Fcategories&post=2386"},{"taxonomy":"post_tag","embeddable":true,"href":"https:\/\/gundem59.com.tr\/index.php?rest_route=%2Fwp%2Fv2%2Ftags&post=2386"},{"taxonomy":"author","embeddable":true,"href":"https:\/\/gundem59.com.tr\/index.php?rest_route=%2Fwp%2Fv2%2Fppma_author&post=2386"}],"curies":[{"name":"wp","href":"https:\/\/api.w.org\/{rel}","templated":true}]}}