{"id":2380,"date":"2026-06-24T22:37:03","date_gmt":"2026-06-24T22:37:03","guid":{"rendered":"https:\/\/gundem59.com.tr\/?p=2380"},"modified":"2026-06-24T22:37:03","modified_gmt":"2026-06-24T22:37:03","slug":"tekirdagdaki-yanginin-boyutu-havadan-goruntulendi","status":"publish","type":"post","link":"https:\/\/gundem59.com.tr\/?p=2380","title":{"rendered":"Tekirda\u011f&#8217;daki yang\u0131n\u0131n boyutu havadan g\u00f6r\u00fcnt\u00fclendi"},"content":{"rendered":"\n<p class=\"wp-block-paragraph\">Tekirda\u011f&#8217;\u0131n S\u00fcleymanpa\u015fa il\u00e7esinde \u00e7\u0131kan yang\u0131nda yakla\u015f\u0131k 300 d\u00f6n\u00fcm bu\u011fday tarlas\u0131 zarar g\u00f6rd\u00fc. Yang\u0131n, drone ile havadan g\u00f6r\u00fcnt\u00fclenirken, \u00e7\u0131k\u0131\u015f nedeni ara\u015ft\u0131r\u0131l\u0131yor.<\/p>\n\n\n\n<p class=\"wp-block-paragraph\"><a href=\"https:\/\/www.sondakika.com\/tekirdag\/\">Tekirda\u011f<\/a>&#8216;\u0131n&nbsp;<a href=\"https:\/\/www.sondakika.com\/suleymanpasa\/\">S\u00fcleymanpa\u015fa<\/a>&nbsp;il\u00e7esinde \u00e7\u0131kan yang\u0131nda yakla\u015f\u0131k 300 d\u00f6n\u00fcm alan zarar g\u00f6r\u00fcrken, yang\u0131 b\u00f6lgesi dron ile g\u00f6r\u00fcnt\u00fclendi.<\/p>\n\n\n\n<p class=\"wp-block-paragraph\">Karaevli Mahallesi&#8217;nde hen\u00fcz belirlenemeyen nedenle \u00e7\u0131kan yang\u0131n, r\u00fczgar\u0131n da etkisiyle k\u0131sa s\u00fcrede b\u00fcy\u00fcyerek bu\u011fday tarlalar\u0131na s\u0131\u00e7rad\u0131. \u0130hbar \u00fczerine b\u00f6lgeye Tekirda\u011f B\u00fcy\u00fck\u015fehir Belediyesi \u0130tfaiye Dairesi Ba\u015fkanl\u0131\u011f\u0131 ekipleri sevk edildi. Onlarca itfaiye arac\u0131 ve personelin m\u00fcdahale etti\u011fi yang\u0131n, ekiplerin yo\u011fun \u00e7al\u0131\u015fmas\u0131 sonucu kontrol alt\u0131na al\u0131narak s\u00f6nd\u00fcr\u00fcld\u00fc. Yang\u0131nda yakla\u015f\u0131k 300 d\u00f6n\u00fcm alan zarar g\u00f6rd\u00fc.<\/p>\n\n\n\n<p class=\"wp-block-paragraph\">Yang\u0131n\u0131n ard\u0131ndan b\u00f6lge dron ile havadan g\u00f6r\u00fcnt\u00fclendi. G\u00f6r\u00fcnt\u00fclerde geni\u015f tar\u0131m arazilerinin yand\u0131\u011f\u0131, b\u00fcy\u00fck bir alan\u0131n siyaha b\u00fcr\u00fcnd\u00fc\u011f\u00fc ve yang\u0131n\u0131n etkisinin kilometrelerce uzaktan fark edildi\u011fi g\u00f6r\u00fcld\u00fc. G\u00f6r\u00fcnt\u00fcler, yang\u0131n\u0131n yol a\u00e7t\u0131\u011f\u0131 zarar\u0131 g\u00f6zler \u00f6n\u00fcne serdi.<\/p>\n\n\n\n<p class=\"wp-block-paragraph\">Yang\u0131n\u0131n \u00e7\u0131k\u0131\u015f nedeninin belirlenmesi i\u00e7in inceleme s\u00fcr\u00fcyor.<\/p>\n","protected":false},"excerpt":{"rendered":"<p>Tekirda\u011f&#8217;\u0131n S\u00fcleymanpa\u015fa il\u00e7esinde \u00e7\u0131kan yang\u0131nda yakla\u015f\u0131k 300 d\u00f6n\u00fcm bu\u011fday tarlas\u0131 zarar g\u00f6rd\u00fc. Yang\u0131n, drone ile&#8230;<\/p>\n","protected":false},"author":1,"featured_media":2381,"comment_status":"closed","ping_status":"closed","sticky":false,"template":"","format":"standard","meta":{"footnotes":""},"categories":[14],"tags":[],"ppma_author":[57],"class_list":["post-2380","post","type-post","status-publish","format-standard","has-post-thumbnail","hentry","category-suleymanpasa"],"authors":[{"term_id":57,"user_id":1,"is_guest":0,"slug":"admin","display_name":"Alp Aslan","avatar_url":"https:\/\/secure.gravatar.com\/avatar\/07c18c5ad3350b025db8f3328450e071acb435c703e565899c880c63362f137a?s=96&d=mm&r=g","author_category":"1","first_name":"Alp Aslan","last_name":"ER\u0130N","user_url":"http:\/\/www.gundem59.com.tr","job_title":"","description":""}],"_links":{"self":[{"href":"https:\/\/gundem59.com.tr\/index.php?rest_route=\/wp\/v2\/posts\/2380","targetHints":{"allow":["GET"]}}],"collection":[{"href":"https:\/\/gundem59.com.tr\/index.php?rest_route=\/wp\/v2\/posts"}],"about":[{"href":"https:\/\/gundem59.com.tr\/index.php?rest_route=\/wp\/v2\/types\/post"}],"author":[{"embeddable":true,"href":"https:\/\/gundem59.com.tr\/index.php?rest_route=\/wp\/v2\/users\/1"}],"replies":[{"embeddable":true,"href":"https:\/\/gundem59.com.tr\/index.php?rest_route=%2Fwp%2Fv2%2Fcomments&post=2380"}],"version-history":[{"count":1,"href":"https:\/\/gundem59.com.tr\/index.php?rest_route=\/wp\/v2\/posts\/2380\/revisions"}],"predecessor-version":[{"id":2382,"href":"https:\/\/gundem59.com.tr\/index.php?rest_route=\/wp\/v2\/posts\/2380\/revisions\/2382"}],"wp:featuredmedia":[{"embeddable":true,"href":"https:\/\/gundem59.com.tr\/index.php?rest_route=\/wp\/v2\/media\/2381"}],"wp:attachment":[{"href":"https:\/\/gundem59.com.tr\/index.php?rest_route=%2Fwp%2Fv2%2Fmedia&parent=2380"}],"wp:term":[{"taxonomy":"category","embeddable":true,"href":"https:\/\/gundem59.com.tr\/index.php?rest_route=%2Fwp%2Fv2%2Fcategories&post=2380"},{"taxonomy":"post_tag","embeddable":true,"href":"https:\/\/gundem59.com.tr\/index.php?rest_route=%2Fwp%2Fv2%2Ftags&post=2380"},{"taxonomy":"author","embeddable":true,"href":"https:\/\/gundem59.com.tr\/index.php?rest_route=%2Fwp%2Fv2%2Fppma_author&post=2380"}],"curies":[{"name":"wp","href":"https:\/\/api.w.org\/{rel}","templated":true}]}}