{"id":2374,"date":"2026-06-24T22:30:51","date_gmt":"2026-06-24T22:30:51","guid":{"rendered":"https:\/\/gundem59.com.tr\/?p=2374"},"modified":"2026-06-24T22:30:52","modified_gmt":"2026-06-24T22:30:52","slug":"bugday-tarlasinda-cikan-yanginda-80-dekar-alan-zarar-gordu","status":"publish","type":"post","link":"https:\/\/gundem59.com.tr\/?p=2374","title":{"rendered":"Bu\u011fday tarlas\u0131nda \u00e7\u0131kan yang\u0131nda 80 dekar alan zarar g\u00f6rd\u00fc"},"content":{"rendered":"\n<p class=\"wp-block-paragraph\">Tekirda\u011f&#8217;\u0131n \u00c7orlu il\u00e7esinde hasad\u0131 yap\u0131lmam\u0131\u015f bu\u011fday tarlas\u0131nda \u00e7\u0131kan yang\u0131n, r\u00fczgar\u0131n etkisiyle yay\u0131ld\u0131. \u0130tfaiye ekiplerinin m\u00fcdahalesiyle s\u00f6nd\u00fcr\u00fclen yang\u0131nda yakla\u015f\u0131k 80 dekar tar\u0131m arazisi zarar g\u00f6rd\u00fc. Yang\u0131n\u0131n \u00e7\u0131k\u0131\u015f nedeni ara\u015ft\u0131r\u0131l\u0131yor.<\/p>\n\n\n\n<p class=\"wp-block-paragraph\"><a href=\"https:\/\/www.sondakika.com\/tekirdag\/\">Tekirda\u011f<\/a>&#8216;da bu\u011fday ekili arazide \u00e7\u0131kan yang\u0131n ekiplerin m\u00fcdahalesiyle kontrol alt\u0131na al\u0131n\u0131rken yakla\u015f\u0131k 80 dekar tar\u0131m arazisi zarar g\u00f6rd\u00fc.<\/p>\n\n\n\n<p class=\"wp-block-paragraph\">Yang\u0131n,&nbsp;<a href=\"https:\/\/www.sondakika.com\/corlu\/\">\u00c7orlu<\/a>&nbsp;il\u00e7esi Cumhuriyet Mahallesi&#8217;nde hasad\u0131 hen\u00fcz yap\u0131lmam\u0131\u015f bu\u011fday tarlas\u0131nda meydana geldi. Tarladan y\u00fckselen dumanlar\u0131 fark eden vatanda\u015flar durumu 112 Acil \u00c7a\u011fr\u0131 Merkezi&#8217;ne bildirdi. \u0130hbar \u00fczerine b\u00f6lgeye Tekirda\u011f B\u00fcy\u00fck\u015fehir Belediyesi itfaiye ekipleri ile jandarma ekipleri sevk edildi. R\u00fczgar\u0131n da etkisiyle k\u0131sa s\u00fcrede yay\u0131lan alevlere ekipler taraf\u0131ndan m\u00fcdahale edildi. Yo\u011fun \u00e7al\u0131\u015fma sonucu kontrol alt\u0131na al\u0131nan yang\u0131n s\u00f6nd\u00fcr\u00fcl\u00fcrken, yakla\u015f\u0131k 80 dekar bu\u011fday ekili alan\u0131n zarar g\u00f6rd\u00fc\u011f\u00fc \u00f6\u011frenildi.<\/p>\n\n\n\n<p class=\"wp-block-paragraph\">Yang\u0131n\u0131n \u00e7\u0131k\u0131\u015f nedeninin belirlenmesi i\u00e7in inceleme ba\u015flat\u0131ld\u0131.<\/p>\n","protected":false},"excerpt":{"rendered":"<p>Tekirda\u011f&#8217;\u0131n \u00c7orlu il\u00e7esinde hasad\u0131 yap\u0131lmam\u0131\u015f bu\u011fday tarlas\u0131nda \u00e7\u0131kan yang\u0131n, r\u00fczgar\u0131n etkisiyle yay\u0131ld\u0131. \u0130tfaiye ekiplerinin m\u00fcdahalesiyle&#8230;<\/p>\n","protected":false},"author":1,"featured_media":2375,"comment_status":"closed","ping_status":"closed","sticky":false,"template":"","format":"standard","meta":{"footnotes":""},"categories":[5],"tags":[],"ppma_author":[57],"class_list":["post-2374","post","type-post","status-publish","format-standard","has-post-thumbnail","hentry","category-corlu"],"authors":[{"term_id":57,"user_id":1,"is_guest":0,"slug":"admin","display_name":"Alp Aslan","avatar_url":"https:\/\/secure.gravatar.com\/avatar\/07c18c5ad3350b025db8f3328450e071acb435c703e565899c880c63362f137a?s=96&d=mm&r=g","author_category":"1","first_name":"Alp Aslan","last_name":"ER\u0130N","user_url":"http:\/\/www.gundem59.com.tr","job_title":"","description":""}],"_links":{"self":[{"href":"https:\/\/gundem59.com.tr\/index.php?rest_route=\/wp\/v2\/posts\/2374","targetHints":{"allow":["GET"]}}],"collection":[{"href":"https:\/\/gundem59.com.tr\/index.php?rest_route=\/wp\/v2\/posts"}],"about":[{"href":"https:\/\/gundem59.com.tr\/index.php?rest_route=\/wp\/v2\/types\/post"}],"author":[{"embeddable":true,"href":"https:\/\/gundem59.com.tr\/index.php?rest_route=\/wp\/v2\/users\/1"}],"replies":[{"embeddable":true,"href":"https:\/\/gundem59.com.tr\/index.php?rest_route=%2Fwp%2Fv2%2Fcomments&post=2374"}],"version-history":[{"count":1,"href":"https:\/\/gundem59.com.tr\/index.php?rest_route=\/wp\/v2\/posts\/2374\/revisions"}],"predecessor-version":[{"id":2376,"href":"https:\/\/gundem59.com.tr\/index.php?rest_route=\/wp\/v2\/posts\/2374\/revisions\/2376"}],"wp:featuredmedia":[{"embeddable":true,"href":"https:\/\/gundem59.com.tr\/index.php?rest_route=\/wp\/v2\/media\/2375"}],"wp:attachment":[{"href":"https:\/\/gundem59.com.tr\/index.php?rest_route=%2Fwp%2Fv2%2Fmedia&parent=2374"}],"wp:term":[{"taxonomy":"category","embeddable":true,"href":"https:\/\/gundem59.com.tr\/index.php?rest_route=%2Fwp%2Fv2%2Fcategories&post=2374"},{"taxonomy":"post_tag","embeddable":true,"href":"https:\/\/gundem59.com.tr\/index.php?rest_route=%2Fwp%2Fv2%2Ftags&post=2374"},{"taxonomy":"author","embeddable":true,"href":"https:\/\/gundem59.com.tr\/index.php?rest_route=%2Fwp%2Fv2%2Fppma_author&post=2374"}],"curies":[{"name":"wp","href":"https:\/\/api.w.org\/{rel}","templated":true}]}}