{"id":2368,"date":"2026-06-24T22:25:01","date_gmt":"2026-06-24T22:25:01","guid":{"rendered":"https:\/\/gundem59.com.tr\/?p=2368"},"modified":"2026-06-24T22:25:01","modified_gmt":"2026-06-24T22:25:01","slug":"tekirdagda-aniza-ekim-toplantisi","status":"publish","type":"post","link":"https:\/\/gundem59.com.tr\/?p=2368","title":{"rendered":"Tekirda\u011f&#8217;da An\u0131za Ekim Toplant\u0131s\u0131"},"content":{"rendered":"\n<p class=\"wp-block-paragraph\">Tekirda\u011f&#8217;da an\u0131za ekim y\u00f6nteminin yayg\u0131nla\u015ft\u0131r\u0131lmas\u0131 ve iklim de\u011fi\u015fikli\u011fi etkileri ele al\u0131nd\u0131.<\/p>\n\n\n\n<p class=\"wp-block-paragraph\"><a href=\"https:\/\/www.sondakika.com\/tekirdag\/\">Tekirda\u011f<\/a>&#8216;da verim art\u0131\u015f\u0131n\u0131n sa\u011flanmas\u0131 i\u00e7in an\u0131za ekim y\u00f6nteminin yayg\u0131nla\u015ft\u0131r\u0131lmas\u0131na y\u00f6nelik \u00e7al\u0131\u015fma y\u00fcr\u00fct\u00fcl\u00fcyor.<\/p>\n\n\n\n<p class=\"wp-block-paragraph\">Tekirda\u011f Nam\u0131k Kemal \u00dcniversitesi (TNK\u00dc) Ziraat Fak\u00fcltesi Konferans Salonu&#8217;nda &#8220;Trakya&#8217;da An\u0131za Ekim Uygulamalar\u0131&#8221; konulu toplant\u0131 ger\u00e7ekle\u015ftirildi.<\/p>\n\n\n\n<p class=\"wp-block-paragraph\">Toplant\u0131da, an\u0131za ekim uygulamalar\u0131n\u0131n tar\u0131msal \u00fcretime katk\u0131lar\u0131 ve iklim de\u011fi\u015fikli\u011finin tar\u0131m \u00fczerindeki etkileri ele al\u0131nd\u0131.<\/p>\n\n\n\n<p class=\"wp-block-paragraph\">TNK\u00dc Ziraat Fak\u00fcltesi Biyosistem M\u00fchendisli\u011fi B\u00f6l\u00fcm\u00fc Arazi ve Su Kaynaklar\u0131 Ana Bilim Dal\u0131 \u00d6\u011fretim \u00dcyesi Prof. Dr. Halim Orta, iklim de\u011fi\u015fikli\u011finin tar\u0131msal \u00fcretimi do\u011frudan etkiledi\u011fine dikkati \u00e7ekti.<\/p>\n\n\n\n<p class=\"wp-block-paragraph\">D\u00fcnyadaki s\u0131cakl\u0131k art\u0131\u015flar\u0131n\u0131n yaln\u0131zca hava s\u0131cakl\u0131klar\u0131yla s\u0131n\u0131rl\u0131 kalmad\u0131\u011f\u0131n\u0131 belirten Orta, kurakl\u0131k, sel, f\u0131rt\u0131na, yang\u0131n ve deniz seviyesindeki y\u00fckselmeler gibi bir\u00e7ok sorunu beraberinde getirdi\u011fini ifade etti.<\/p>\n\n\n\n<p class=\"wp-block-paragraph\">Kurakl\u0131\u011f\u0131n tar\u0131msal \u00fcretime olumsuz etkileri oldu\u011funu vurgulayan Orta, &#8220;Herhangi bir b\u00f6lgenin y\u0131ll\u0131k ortalama s\u0131cakl\u0131\u011f\u0131 1 santigrat derece artt\u0131\u011f\u0131nda ya\u011f\u0131\u015flarda yakla\u015f\u0131k y\u00fczde 10&#8217;luk bir azalma g\u00f6r\u00fcyoruz. Ya\u011f\u0131\u015flardaki bu d\u00fc\u015f\u00fc\u015f ilk bak\u0131\u015fta k\u00fc\u00e7\u00fck gibi g\u00f6r\u00fcnse de su kaynaklar\u0131 \u00fczerindeki etkisi \u00e7ok daha b\u00fcy\u00fck oluyor. Ya\u011f\u0131\u015f\u0131n son k\u0131sm\u0131 y\u00fczey ak\u0131\u015f\u0131n\u0131 ve akarsular\u0131 besledi\u011fi i\u00e7in y\u00fczde 10&#8217;luk bir ya\u011f\u0131\u015f azalmas\u0131, dere ve nehirlerdeki su miktar\u0131n\u0131n yar\u0131 yar\u0131ya d\u00fc\u015fmesine neden olabiliyor.&#8221; dedi.<\/p>\n\n\n\n<p class=\"wp-block-paragraph\">Trakya&#8217;da da iklim de\u011fi\u015fikli\u011finin etkilerinin hissedildi\u011fini belirten Orta, s\u0131cakl\u0131klardaki art\u0131\u015f ve ya\u011f\u0131\u015flardaki azalmalar\u0131n b\u00f6lgenin su kaynaklar\u0131 \u00fczerinde bask\u0131 olu\u015fturdu\u011funu dile getirdi.<\/p>\n\n\n\n<p class=\"wp-block-paragraph\">&#8220;Bu uygulamalar s\u00fcrd\u00fcr\u00fclebilir tar\u0131m a\u00e7\u0131s\u0131ndan \u00f6nemli katk\u0131lar sa\u011fl\u0131yor&#8221;<\/p>\n\n\n\n<p class=\"wp-block-paragraph\">\u0130l Tar\u0131m ve Orman M\u00fcd\u00fcr\u00fc Mehmet Aksoy da an\u0131za ekim uygulamalar\u0131n\u0131 yayg\u0131nla\u015ft\u0131rmay\u0131 hedeflediklerini s\u00f6yledi.<\/p>\n\n\n\n<p class=\"wp-block-paragraph\">An\u0131za ekim y\u00f6ntemiyle daha az g\u00fcbre, enerji, yak\u0131t ve ila\u00e7 kullan\u0131larak kaliteli \u00fcr\u00fcn elde edilebildi\u011fini vurgulayan Aksoy, projenin sonu\u00e7lar\u0131n\u0131n al\u0131nmas\u0131n\u0131n ard\u0131ndan uygulaman\u0131n \u00fclke genelinde yayg\u0131nla\u015ft\u0131r\u0131lmas\u0131n\u0131n hedeflendi\u011fini kaydetti.<\/p>\n\n\n\n<p class=\"wp-block-paragraph\">Aksoy, an\u0131za ekim sayesinde yabanc\u0131 otlarla m\u00fccadelenin kolayla\u015ft\u0131\u011f\u0131na, topra\u011f\u0131n organik madde ve su kayb\u0131n\u0131n azald\u0131\u011f\u0131na dikkati \u00e7ekerek, &#8220;Topraklar\u0131n s\u00fcrekli s\u00fcr\u00fclerek ekilmesi yerine minimum toprak i\u015fleme ve an\u0131za ekim gibi y\u00f6ntemlerin tercih edilmesi gerekiyor. Bu uygulamalar s\u00fcrd\u00fcr\u00fclebilir tar\u0131m a\u00e7\u0131s\u0131ndan \u00f6nemli katk\u0131lar sa\u011fl\u0131yor.&#8221; diye konu\u015ftu.<\/p>\n","protected":false},"excerpt":{"rendered":"<p>Tekirda\u011f&#8217;da an\u0131za ekim y\u00f6nteminin yayg\u0131nla\u015ft\u0131r\u0131lmas\u0131 ve iklim de\u011fi\u015fikli\u011fi etkileri ele al\u0131nd\u0131. Tekirda\u011f&#8216;da verim art\u0131\u015f\u0131n\u0131n sa\u011flanmas\u0131&#8230;<\/p>\n","protected":false},"author":1,"featured_media":2369,"comment_status":"closed","ping_status":"closed","sticky":false,"template":"","format":"standard","meta":{"footnotes":""},"categories":[1],"tags":[],"ppma_author":[57],"class_list":["post-2368","post","type-post","status-publish","format-standard","has-post-thumbnail","hentry","category-tekirdag-gundemi"],"authors":[{"term_id":57,"user_id":1,"is_guest":0,"slug":"admin","display_name":"Alp Aslan","avatar_url":"https:\/\/secure.gravatar.com\/avatar\/07c18c5ad3350b025db8f3328450e071acb435c703e565899c880c63362f137a?s=96&d=mm&r=g","author_category":"1","first_name":"Alp Aslan","last_name":"ER\u0130N","user_url":"http:\/\/www.gundem59.com.tr","job_title":"","description":""}],"_links":{"self":[{"href":"https:\/\/gundem59.com.tr\/index.php?rest_route=\/wp\/v2\/posts\/2368","targetHints":{"allow":["GET"]}}],"collection":[{"href":"https:\/\/gundem59.com.tr\/index.php?rest_route=\/wp\/v2\/posts"}],"about":[{"href":"https:\/\/gundem59.com.tr\/index.php?rest_route=\/wp\/v2\/types\/post"}],"author":[{"embeddable":true,"href":"https:\/\/gundem59.com.tr\/index.php?rest_route=\/wp\/v2\/users\/1"}],"replies":[{"embeddable":true,"href":"https:\/\/gundem59.com.tr\/index.php?rest_route=%2Fwp%2Fv2%2Fcomments&post=2368"}],"version-history":[{"count":1,"href":"https:\/\/gundem59.com.tr\/index.php?rest_route=\/wp\/v2\/posts\/2368\/revisions"}],"predecessor-version":[{"id":2370,"href":"https:\/\/gundem59.com.tr\/index.php?rest_route=\/wp\/v2\/posts\/2368\/revisions\/2370"}],"wp:featuredmedia":[{"embeddable":true,"href":"https:\/\/gundem59.com.tr\/index.php?rest_route=\/wp\/v2\/media\/2369"}],"wp:attachment":[{"href":"https:\/\/gundem59.com.tr\/index.php?rest_route=%2Fwp%2Fv2%2Fmedia&parent=2368"}],"wp:term":[{"taxonomy":"category","embeddable":true,"href":"https:\/\/gundem59.com.tr\/index.php?rest_route=%2Fwp%2Fv2%2Fcategories&post=2368"},{"taxonomy":"post_tag","embeddable":true,"href":"https:\/\/gundem59.com.tr\/index.php?rest_route=%2Fwp%2Fv2%2Ftags&post=2368"},{"taxonomy":"author","embeddable":true,"href":"https:\/\/gundem59.com.tr\/index.php?rest_route=%2Fwp%2Fv2%2Fppma_author&post=2368"}],"curies":[{"name":"wp","href":"https:\/\/api.w.org\/{rel}","templated":true}]}}