{"id":2362,"date":"2026-06-24T22:17:48","date_gmt":"2026-06-24T22:17:48","guid":{"rendered":"https:\/\/gundem59.com.tr\/?p=2362"},"modified":"2026-06-24T22:17:49","modified_gmt":"2026-06-24T22:17:49","slug":"tekirdagda-genc-otomobilde-basindan-vurulmus-bulundu","status":"publish","type":"post","link":"https:\/\/gundem59.com.tr\/?p=2362","title":{"rendered":"Tekirda\u011f&#8217;da Gen\u00e7 Otomobilde Ba\u015f\u0131ndan Vurulmu\u015f Bulundu"},"content":{"rendered":"\n<p class=\"wp-block-paragraph\">19 ya\u015f\u0131ndaki E.S.\u00c7., otomobilinde ba\u015f\u0131ndan vurulmu\u015f halde bulundu, hastanede hayat\u0131n\u0131 kaybetti.<\/p>\n\n\n\n<p class=\"wp-block-paragraph\"><a href=\"https:\/\/www.sondakika.com\/tekirdag\/\">Tekirda\u011f<\/a>&#8216;\u0131n&nbsp;<a href=\"https:\/\/www.sondakika.com\/saray-2\/\">Saray<\/a>&nbsp;il\u00e7esinde otomobil i\u00e7erisinde ba\u015f\u0131ndan vurulmu\u015f halde bulunan 19 ya\u015f\u0131ndaki gen\u00e7 kald\u0131r\u0131ld\u0131\u011f\u0131 hastanede hayat\u0131n\u0131 kaybetti.<\/p>\n\n\n\n<p class=\"wp-block-paragraph\">Edinilen bilgilere g\u00f6re, \u00c7atalca il\u00e7esine ba\u011fl\u0131 Bink\u0131l\u0131\u00e7 Mahallesi istikametinden Saray y\u00f6n\u00fcne seyreden E.S.\u00c7. y\u00f6netimindeki 34 KGA 534 plakal\u0131 otomobil, Sefaalan Mahallesi giri\u015finde s\u00fcr\u00fcc\u00fcs\u00fcn\u00fcn direksiyon hakimiyetini kaybetmesi sonucu yoldan \u00e7\u0131karak durdu. Arac\u0131n lasti\u011finin patlad\u0131\u011f\u0131n\u0131 g\u00f6ren mahalle sakinleri, s\u00fcr\u00fcc\u00fcn\u00fcn yan\u0131na giderek yard\u0131ma ihtiyac\u0131 olup olmad\u0131\u011f\u0131n\u0131 sordu. Ancak s\u00fcr\u00fcc\u00fcn\u00fcn herhangi bir yard\u0131m talebinde bulunmamas\u0131 \u00fczerine b\u00f6lgeden ayr\u0131ld\u0131klar\u0131 \u00f6\u011frenildi.<\/p>\n\n\n\n<p class=\"wp-block-paragraph\">\u0130ddiaya g\u00f6re yakla\u015f\u0131k 10 dakika sonra b\u00f6lgeden ge\u00e7en ba\u015fka bir vatanda\u015f, s\u00fcr\u00fcc\u00fcy\u00fc otomobil i\u00e7erisinde ba\u015f\u0131ndan vurulmu\u015f halde buldu. Durumun 112 Acil \u00c7a\u011fr\u0131 Merkezi&#8217;ne bildirilmesi \u00fczerine olay yerine sa\u011fl\u0131k ekipleri ve jandarma sevk edildi.<\/p>\n\n\n\n<p class=\"wp-block-paragraph\"><a href=\"https:\/\/www.sondakika.com\/olay\/\">Olay<\/a>&nbsp;yerinde ilk m\u00fcdahalesi yap\u0131lan gen\u00e7, ambulansla Saray Devlet Hastanesi&#8217;ne kald\u0131r\u0131ld\u0131. Ancak doktorlar\u0131n t\u00fcm m\u00fcdahalelerine ra\u011fmen kurtar\u0131lamayarak hayat\u0131n\u0131 kaybetti.<\/p>\n\n\n\n<p class=\"wp-block-paragraph\">Hastanede hayat\u0131n\u0131 kaybeden E.S.\u00c7.&#8217;nin cenazesi, \u00f6l\u00fcm nedeninin kesin olarak belirlenmesi amac\u0131yla Adli T\u0131p Kurumu&#8217;na g\u00f6nderilmek \u00fczere morga kald\u0131r\u0131ld\u0131.<\/p>\n\n\n\n<p class=\"wp-block-paragraph\">Olay yerinde geni\u015f g\u00fcvenlik \u00f6nlemleri alan jandarma ekipleri taraf\u0131ndan inceleme ba\u015flat\u0131l\u0131rken, olay\u0131n cinayet mi yoksa intihar m\u0131 oldu\u011fu y\u00f6n\u00fcndeki soru\u015fturman\u0131n s\u00fcrd\u00fc\u011f\u00fc \u00f6\u011frenildi.<\/p>\n","protected":false},"excerpt":{"rendered":"<p>19 ya\u015f\u0131ndaki E.S.\u00c7., otomobilinde ba\u015f\u0131ndan vurulmu\u015f halde bulundu, hastanede hayat\u0131n\u0131 kaybetti. Tekirda\u011f&#8216;\u0131n&nbsp;Saray&nbsp;il\u00e7esinde otomobil i\u00e7erisinde ba\u015f\u0131ndan&#8230;<\/p>\n","protected":false},"author":1,"featured_media":2363,"comment_status":"closed","ping_status":"closed","sticky":false,"template":"","format":"standard","meta":{"footnotes":""},"categories":[4],"tags":[],"ppma_author":[57],"class_list":["post-2362","post","type-post","status-publish","format-standard","has-post-thumbnail","hentry","category-saray"],"authors":[{"term_id":57,"user_id":1,"is_guest":0,"slug":"admin","display_name":"Alp Aslan","avatar_url":"https:\/\/secure.gravatar.com\/avatar\/07c18c5ad3350b025db8f3328450e071acb435c703e565899c880c63362f137a?s=96&d=mm&r=g","author_category":"1","first_name":"Alp Aslan","last_name":"ER\u0130N","user_url":"http:\/\/www.gundem59.com.tr","job_title":"","description":""}],"_links":{"self":[{"href":"https:\/\/gundem59.com.tr\/index.php?rest_route=\/wp\/v2\/posts\/2362","targetHints":{"allow":["GET"]}}],"collection":[{"href":"https:\/\/gundem59.com.tr\/index.php?rest_route=\/wp\/v2\/posts"}],"about":[{"href":"https:\/\/gundem59.com.tr\/index.php?rest_route=\/wp\/v2\/types\/post"}],"author":[{"embeddable":true,"href":"https:\/\/gundem59.com.tr\/index.php?rest_route=\/wp\/v2\/users\/1"}],"replies":[{"embeddable":true,"href":"https:\/\/gundem59.com.tr\/index.php?rest_route=%2Fwp%2Fv2%2Fcomments&post=2362"}],"version-history":[{"count":1,"href":"https:\/\/gundem59.com.tr\/index.php?rest_route=\/wp\/v2\/posts\/2362\/revisions"}],"predecessor-version":[{"id":2364,"href":"https:\/\/gundem59.com.tr\/index.php?rest_route=\/wp\/v2\/posts\/2362\/revisions\/2364"}],"wp:featuredmedia":[{"embeddable":true,"href":"https:\/\/gundem59.com.tr\/index.php?rest_route=\/wp\/v2\/media\/2363"}],"wp:attachment":[{"href":"https:\/\/gundem59.com.tr\/index.php?rest_route=%2Fwp%2Fv2%2Fmedia&parent=2362"}],"wp:term":[{"taxonomy":"category","embeddable":true,"href":"https:\/\/gundem59.com.tr\/index.php?rest_route=%2Fwp%2Fv2%2Fcategories&post=2362"},{"taxonomy":"post_tag","embeddable":true,"href":"https:\/\/gundem59.com.tr\/index.php?rest_route=%2Fwp%2Fv2%2Ftags&post=2362"},{"taxonomy":"author","embeddable":true,"href":"https:\/\/gundem59.com.tr\/index.php?rest_route=%2Fwp%2Fv2%2Fppma_author&post=2362"}],"curies":[{"name":"wp","href":"https:\/\/api.w.org\/{rel}","templated":true}]}}