{"id":234,"date":"2026-04-12T07:12:40","date_gmt":"2026-04-12T07:12:40","guid":{"rendered":"https:\/\/gundem59.com.tr\/?p=234"},"modified":"2026-04-12T07:12:41","modified_gmt":"2026-04-12T07:12:41","slug":"vali-soyturk-dernek-baskani-yilmazin-cenaze-torenine-katildi","status":"publish","type":"post","link":"https:\/\/gundem59.com.tr\/?p=234","title":{"rendered":"Vali Soyt\u00fcrk Dernek Ba\u015fkan\u0131 Y\u0131lmaz\u2019\u0131n Cenaze T\u00f6reni\u2019ne Kat\u0131ld\u0131"},"content":{"rendered":"\n<p class=\"wp-block-paragraph\">Valimiz Say\u0131n Recep Soyt\u00fcrk, 09.04.2026 tarihinde vefat eden 57. Alay\u0131 Ya\u015fatma ve Ara\u015ft\u0131rma G\u00f6n\u00fcll\u00fcleri Derne\u011fi Ba\u015fkan\u0131 Hikmet Selim Y\u0131lmaz\u2019\u0131n cenaze t\u00f6renine kat\u0131ld\u0131.<\/p>\n\n\n\n<p class=\"wp-block-paragraph\">Vali Soyt\u00fcrk merhum Hikmet Selim Y\u0131lmaz\u2019a Allah\u2019tan rahmet dileyerek ailesine ba\u015fsa\u011fl\u0131\u011f\u0131 ve sab\u0131r diledi.<\/p>\n\n\n\n<p class=\"wp-block-paragraph\">S\u00fcleymanpa\u015fa il\u00e7emiz Orta Cami\u2019nde d\u00fczenlenen cenaze t\u00f6renine Valimiz Say\u0131n Recep Soyt\u00fcrk\u2019\u00fcn yan\u0131 s\u0131ra Tekirda\u011f B\u00fcy\u00fck\u015fehir Belediyesi Eski Ba\u015fkan\u0131 Kadir Albayrak, 57. Alay\u0131 Ya\u015fatma ve Ara\u015ft\u0131rma G\u00f6n\u00fcll\u00fcleri Derne\u011fi \u00dcyeleri, Merhum Hikmet Selim Y\u0131lmaz\u2019\u0131n ailesi ve yak\u0131nlar\u0131 kat\u0131ld\u0131.<\/p>\n","protected":false},"excerpt":{"rendered":"<p>Valimiz Say\u0131n Recep Soyt\u00fcrk, 09.04.2026 tarihinde vefat eden 57. Alay\u0131 Ya\u015fatma ve Ara\u015ft\u0131rma G\u00f6n\u00fcll\u00fcleri Derne\u011fi&#8230;<\/p>\n","protected":false},"author":1,"featured_media":235,"comment_status":"open","ping_status":"open","sticky":false,"template":"","format":"standard","meta":{"footnotes":""},"categories":[1],"tags":[],"ppma_author":[57],"class_list":["post-234","post","type-post","status-publish","format-standard","has-post-thumbnail","hentry","category-tekirdag-gundemi"],"authors":[{"term_id":57,"user_id":1,"is_guest":0,"slug":"admin","display_name":"Alp Aslan","avatar_url":"https:\/\/secure.gravatar.com\/avatar\/07c18c5ad3350b025db8f3328450e071acb435c703e565899c880c63362f137a?s=96&d=mm&r=g","author_category":"1","first_name":"Alp Aslan","last_name":"ER\u0130N","user_url":"http:\/\/www.gundem59.com.tr","job_title":"","description":""}],"_links":{"self":[{"href":"https:\/\/gundem59.com.tr\/index.php?rest_route=\/wp\/v2\/posts\/234","targetHints":{"allow":["GET"]}}],"collection":[{"href":"https:\/\/gundem59.com.tr\/index.php?rest_route=\/wp\/v2\/posts"}],"about":[{"href":"https:\/\/gundem59.com.tr\/index.php?rest_route=\/wp\/v2\/types\/post"}],"author":[{"embeddable":true,"href":"https:\/\/gundem59.com.tr\/index.php?rest_route=\/wp\/v2\/users\/1"}],"replies":[{"embeddable":true,"href":"https:\/\/gundem59.com.tr\/index.php?rest_route=%2Fwp%2Fv2%2Fcomments&post=234"}],"version-history":[{"count":1,"href":"https:\/\/gundem59.com.tr\/index.php?rest_route=\/wp\/v2\/posts\/234\/revisions"}],"predecessor-version":[{"id":236,"href":"https:\/\/gundem59.com.tr\/index.php?rest_route=\/wp\/v2\/posts\/234\/revisions\/236"}],"wp:featuredmedia":[{"embeddable":true,"href":"https:\/\/gundem59.com.tr\/index.php?rest_route=\/wp\/v2\/media\/235"}],"wp:attachment":[{"href":"https:\/\/gundem59.com.tr\/index.php?rest_route=%2Fwp%2Fv2%2Fmedia&parent=234"}],"wp:term":[{"taxonomy":"category","embeddable":true,"href":"https:\/\/gundem59.com.tr\/index.php?rest_route=%2Fwp%2Fv2%2Fcategories&post=234"},{"taxonomy":"post_tag","embeddable":true,"href":"https:\/\/gundem59.com.tr\/index.php?rest_route=%2Fwp%2Fv2%2Ftags&post=234"},{"taxonomy":"author","embeddable":true,"href":"https:\/\/gundem59.com.tr\/index.php?rest_route=%2Fwp%2Fv2%2Fppma_author&post=234"}],"curies":[{"name":"wp","href":"https:\/\/api.w.org\/{rel}","templated":true}]}}