{"id":231,"date":"2026-04-12T07:10:41","date_gmt":"2026-04-12T07:10:41","guid":{"rendered":"https:\/\/gundem59.com.tr\/?p=231"},"modified":"2026-04-12T07:10:42","modified_gmt":"2026-04-12T07:10:42","slug":"vali-soyturk-vali-enver-salihoglu-ortaokulu-ogrencisi-duman-nazligulun-cenaze-merasimine-katildi","status":"publish","type":"post","link":"https:\/\/gundem59.com.tr\/?p=231","title":{"rendered":"Vali Soyt\u00fcrk Vali Enver Saliho\u011flu Ortaokulu \u00d6\u011frencisi Duman Nazl\u0131g\u00fcl\u2019\u00fcn Cenaze Merasimine Kat\u0131ld\u0131"},"content":{"rendered":"\n<p class=\"wp-block-paragraph\">Prof. Dr. Osman \u00d6zt\u00fcrk \u0130mam Hatip Ortaokulu Matematik \u00d6\u011fretmeni Sercan Nazl\u0131g\u00fcl\u2019\u00fcn o\u011flu, Tekirda\u011f B\u00fcy\u00fck\u015fehir Belediyesi Vali Enver Saliho\u011flu 6. S\u0131n\u0131f \u00f6\u011frencisi Duman Nazl\u0131g\u00fcl, 10.04.2026 tarihinde vefat etmi\u015ftir. Duman Nazl\u0131g\u00fcl i\u00e7in S\u00fcleymanpa\u015fa il\u00e7emiz Osmanl\u0131 Can Cami\u2019nde cenaze t\u00f6reni d\u00fczenlendi.<\/p>\n\n\n\n<p class=\"wp-block-paragraph\">Cenaze t\u00f6renine kat\u0131lan Vali Recep Soyt\u00fcrk, Duman Nazl\u0131g\u00fcl\u2019 e Allah\u2019tan rahmet dileyerek ailesine ba\u015fsa\u011fl\u0131\u011f\u0131 ve sab\u0131r diledi.<\/p>\n\n\n\n<p class=\"wp-block-paragraph\">Cenaze t\u00f6renine Vali Soyt\u00fcrk\u2019\u00fcn yan\u0131 s\u0131ra S\u00fcleymanpa\u015fa Kaymakam\u0131 Mahmut Nedim Tun\u00e7er, \u0130l Milli E\u011fitim M\u00fcd\u00fcr\u00fc Dr. Abdulaziz Yeniyol, Duman Nazl\u0131g\u00fcl\u2019\u00fcn ailesi ve okul arkada\u015flar\u0131 kat\u0131ld\u0131.<\/p>\n\n\n\n<p class=\"wp-block-paragraph\"><\/p>\n","protected":false},"excerpt":{"rendered":"<p>Prof. Dr. Osman \u00d6zt\u00fcrk \u0130mam Hatip Ortaokulu Matematik \u00d6\u011fretmeni Sercan Nazl\u0131g\u00fcl\u2019\u00fcn o\u011flu, Tekirda\u011f B\u00fcy\u00fck\u015fehir Belediyesi&#8230;<\/p>\n","protected":false},"author":1,"featured_media":232,"comment_status":"open","ping_status":"open","sticky":false,"template":"","format":"standard","meta":{"footnotes":""},"categories":[14],"tags":[],"ppma_author":[57],"class_list":["post-231","post","type-post","status-publish","format-standard","has-post-thumbnail","hentry","category-suleymanpasa"],"authors":[{"term_id":57,"user_id":1,"is_guest":0,"slug":"admin","display_name":"Alp Aslan","avatar_url":"https:\/\/secure.gravatar.com\/avatar\/07c18c5ad3350b025db8f3328450e071acb435c703e565899c880c63362f137a?s=96&d=mm&r=g","author_category":"1","first_name":"Alp Aslan","last_name":"ER\u0130N","user_url":"http:\/\/www.gundem59.com.tr","job_title":"","description":""}],"_links":{"self":[{"href":"https:\/\/gundem59.com.tr\/index.php?rest_route=\/wp\/v2\/posts\/231","targetHints":{"allow":["GET"]}}],"collection":[{"href":"https:\/\/gundem59.com.tr\/index.php?rest_route=\/wp\/v2\/posts"}],"about":[{"href":"https:\/\/gundem59.com.tr\/index.php?rest_route=\/wp\/v2\/types\/post"}],"author":[{"embeddable":true,"href":"https:\/\/gundem59.com.tr\/index.php?rest_route=\/wp\/v2\/users\/1"}],"replies":[{"embeddable":true,"href":"https:\/\/gundem59.com.tr\/index.php?rest_route=%2Fwp%2Fv2%2Fcomments&post=231"}],"version-history":[{"count":1,"href":"https:\/\/gundem59.com.tr\/index.php?rest_route=\/wp\/v2\/posts\/231\/revisions"}],"predecessor-version":[{"id":233,"href":"https:\/\/gundem59.com.tr\/index.php?rest_route=\/wp\/v2\/posts\/231\/revisions\/233"}],"wp:featuredmedia":[{"embeddable":true,"href":"https:\/\/gundem59.com.tr\/index.php?rest_route=\/wp\/v2\/media\/232"}],"wp:attachment":[{"href":"https:\/\/gundem59.com.tr\/index.php?rest_route=%2Fwp%2Fv2%2Fmedia&parent=231"}],"wp:term":[{"taxonomy":"category","embeddable":true,"href":"https:\/\/gundem59.com.tr\/index.php?rest_route=%2Fwp%2Fv2%2Fcategories&post=231"},{"taxonomy":"post_tag","embeddable":true,"href":"https:\/\/gundem59.com.tr\/index.php?rest_route=%2Fwp%2Fv2%2Ftags&post=231"},{"taxonomy":"author","embeddable":true,"href":"https:\/\/gundem59.com.tr\/index.php?rest_route=%2Fwp%2Fv2%2Fppma_author&post=231"}],"curies":[{"name":"wp","href":"https:\/\/api.w.org\/{rel}","templated":true}]}}