{"id":2293,"date":"2026-06-22T21:28:50","date_gmt":"2026-06-22T21:28:50","guid":{"rendered":"https:\/\/gundem59.com.tr\/?p=2293"},"modified":"2026-06-22T21:28:50","modified_gmt":"2026-06-22T21:28:50","slug":"muratlida-otluk-alan-yangini-sonduruldu-2","status":"publish","type":"post","link":"https:\/\/gundem59.com.tr\/?p=2293","title":{"rendered":"Muratl\u0131&#8217;da Otluk Alan Yang\u0131n\u0131 S\u00f6nd\u00fcr\u00fcld\u00fc"},"content":{"rendered":"\n<p class=\"wp-block-paragraph\">Tekirda\u011f&#8217;\u0131n Muratl\u0131 il\u00e7esinde \u00e7\u0131kan yang\u0131n, itfaiye ekiplerinin m\u00fcdahalesiyle kontrol alt\u0131na al\u0131nd\u0131.<\/p>\n\n\n\n<p class=\"wp-block-paragraph\"><a href=\"https:\/\/www.sondakika.com\/tekirdag\/\">Tekirda\u011f<\/a>&#8216;\u0131n&nbsp;<a href=\"https:\/\/www.sondakika.com\/muratli\/\">Muratl\u0131<\/a>&nbsp;il\u00e7esinde otluk alan yang\u0131n b\u00fcy\u00fcmeden s\u00f6nd\u00fcr\u00fcld\u00fc.<\/p>\n\n\n\n<p class=\"wp-block-paragraph\">Muratl\u0131 il\u00e7esi \u0130nanl\u0131 Mahallesi&#8217;nde bulunan \u0130nanl\u0131 \u00c7e\u015fmesi mevkiinde d\u00fcn \u00f6\u011fle saatlerinde hen\u00fcz belirlenemeyen bir nedenle ba\u015flayan yang\u0131n, b\u00f6lgede etkili olan r\u00fczgar\u0131n da etkisiyle k\u0131sa s\u00fcrede yay\u0131lmaya ba\u015flad\u0131. Yo\u011fun duman\u0131n y\u00fckseldi\u011fi yang\u0131n \u00e7evredeki vatanda\u015flar taraf\u0131ndan fark edilerek yetkililere bildirildi.<\/p>\n\n\n\n<p class=\"wp-block-paragraph\">\u0130hbar \u00fczerine olay yerine sevk edilen itfaiye ekipleri, alevlerin \u00e7evredeki a\u011fa\u00e7l\u0131k alanlara, bu\u011fday tarlas\u0131na ve yerle\u015fim yerlerine s\u0131\u00e7ramamas\u0131 i\u00e7in yo\u011fun \u00e7al\u0131\u015fma ba\u015flatt\u0131. Ekipler, uzun u\u011fra\u015flar sonucu yang\u0131n\u0131 kontrol alt\u0131na al\u0131p s\u00f6nd\u00fcrerek, so\u011futma \u00e7al\u0131\u015fmalar\u0131 da ger\u00e7ekle\u015ftirdi.<\/p>\n\n\n\n<p class=\"wp-block-paragraph\">B\u00f6lgedeki vatanda\u015flar da zaman zaman s\u00f6nd\u00fcrme \u00e7al\u0131\u015fmalar\u0131na destek verdi. S\u00f6nd\u00fcr\u00fclen yang\u0131n\u0131n \u00e7\u0131k\u0131\u015f nedeni ile ilgili ise inceleme ba\u015flat\u0131ld\u0131<\/p>\n","protected":false},"excerpt":{"rendered":"<p>Tekirda\u011f&#8217;\u0131n Muratl\u0131 il\u00e7esinde \u00e7\u0131kan yang\u0131n, itfaiye ekiplerinin m\u00fcdahalesiyle kontrol alt\u0131na al\u0131nd\u0131. Tekirda\u011f&#8216;\u0131n&nbsp;Muratl\u0131&nbsp;il\u00e7esinde otluk alan yang\u0131n&#8230;<\/p>\n","protected":false},"author":1,"featured_media":2294,"comment_status":"closed","ping_status":"closed","sticky":false,"template":"","format":"standard","meta":{"footnotes":""},"categories":[12],"tags":[],"ppma_author":[57],"class_list":["post-2293","post","type-post","status-publish","format-standard","has-post-thumbnail","hentry","category-muratli"],"authors":[{"term_id":57,"user_id":1,"is_guest":0,"slug":"admin","display_name":"Alp Aslan","avatar_url":"https:\/\/secure.gravatar.com\/avatar\/07c18c5ad3350b025db8f3328450e071acb435c703e565899c880c63362f137a?s=96&d=mm&r=g","author_category":"1","first_name":"Alp Aslan","last_name":"ER\u0130N","user_url":"http:\/\/www.gundem59.com.tr","job_title":"","description":""}],"_links":{"self":[{"href":"https:\/\/gundem59.com.tr\/index.php?rest_route=\/wp\/v2\/posts\/2293","targetHints":{"allow":["GET"]}}],"collection":[{"href":"https:\/\/gundem59.com.tr\/index.php?rest_route=\/wp\/v2\/posts"}],"about":[{"href":"https:\/\/gundem59.com.tr\/index.php?rest_route=\/wp\/v2\/types\/post"}],"author":[{"embeddable":true,"href":"https:\/\/gundem59.com.tr\/index.php?rest_route=\/wp\/v2\/users\/1"}],"replies":[{"embeddable":true,"href":"https:\/\/gundem59.com.tr\/index.php?rest_route=%2Fwp%2Fv2%2Fcomments&post=2293"}],"version-history":[{"count":1,"href":"https:\/\/gundem59.com.tr\/index.php?rest_route=\/wp\/v2\/posts\/2293\/revisions"}],"predecessor-version":[{"id":2295,"href":"https:\/\/gundem59.com.tr\/index.php?rest_route=\/wp\/v2\/posts\/2293\/revisions\/2295"}],"wp:featuredmedia":[{"embeddable":true,"href":"https:\/\/gundem59.com.tr\/index.php?rest_route=\/wp\/v2\/media\/2294"}],"wp:attachment":[{"href":"https:\/\/gundem59.com.tr\/index.php?rest_route=%2Fwp%2Fv2%2Fmedia&parent=2293"}],"wp:term":[{"taxonomy":"category","embeddable":true,"href":"https:\/\/gundem59.com.tr\/index.php?rest_route=%2Fwp%2Fv2%2Fcategories&post=2293"},{"taxonomy":"post_tag","embeddable":true,"href":"https:\/\/gundem59.com.tr\/index.php?rest_route=%2Fwp%2Fv2%2Ftags&post=2293"},{"taxonomy":"author","embeddable":true,"href":"https:\/\/gundem59.com.tr\/index.php?rest_route=%2Fwp%2Fv2%2Fppma_author&post=2293"}],"curies":[{"name":"wp","href":"https:\/\/api.w.org\/{rel}","templated":true}]}}