{"id":2290,"date":"2026-06-22T21:26:43","date_gmt":"2026-06-22T21:26:43","guid":{"rendered":"https:\/\/gundem59.com.tr\/?p=2290"},"modified":"2026-06-22T21:26:43","modified_gmt":"2026-06-22T21:26:43","slug":"tekirdagin-gelecegi-esitlikle-sekilleniyor","status":"publish","type":"post","link":"https:\/\/gundem59.com.tr\/?p=2290","title":{"rendered":"Tekirda\u011f&#8217;\u0131n gelece\u011fi e\u015fitlikle \u015fekilleniyor"},"content":{"rendered":"\n<p class=\"wp-block-paragraph\">Tekirda\u011f B\u00fcy\u00fck\u015fehir Belediyesi, Kad\u0131n Dostu Kentler III Program\u0131 kapsam\u0131nda personeline toplumsal cinsiyet e\u015fitli\u011fi e\u011fitimi verdi. E\u011fitimde kad\u0131n liderli\u011fi, siyasal temsiliyet, kentsel hizmetler, \u015fiddetle m\u00fccadele gibi konular ele al\u0131nd\u0131.<\/p>\n\n\n\n<p class=\"wp-block-paragraph\"><a href=\"https:\/\/www.sondakika.com\/tekirdag-buyuksehir-belediyesi\/\">Tekirda\u011f B\u00fcy\u00fck\u015fehir Belediyesi<\/a>, Kad\u0131n Dostu Kentler III Program\u0131 kapsam\u0131nda personeline y\u00f6nelik d\u00fczenledi\u011fi e\u011fitimlerle toplumsal cinsiyet e\u015fitli\u011fi alan\u0131ndaki kurumsal kapasitesini g\u00fc\u00e7lendirmeyi s\u00fcrd\u00fcr\u00fcyor.<\/p>\n\n\n\n<p class=\"wp-block-paragraph\">Tekirda\u011f B\u00fcy\u00fck\u015fehir Belediyesi, Birle\u015fmi\u015f Milletler N\u00fcfus Fonu koordinasyonunda y\u00fcr\u00fct\u00fclen Kad\u0131n Dostu Kentler III Program\u0131 \u00e7er\u00e7evesinde e\u011fitim \u00e7al\u0131\u015fmalar\u0131na devam ediyor.&nbsp;<a href=\"https:\/\/www.sondakika.com\/yerel\/\">Yerel<\/a>&nbsp;y\u00f6netimlerde toplumsal cinsiyet e\u015fitli\u011fi yakla\u015f\u0131m\u0131n\u0131n g\u00fc\u00e7lendirilmesi, kurumsal kapasitenin art\u0131r\u0131lmas\u0131 ve program hedeflerinin etkin \u015fekilde uygulanmas\u0131 amac\u0131yla d\u00fczenlenen Kad\u0131n Dostu Kentler Tematik Alan E\u011fitim Program\u0131&#8217;n\u0131n \u00fc\u00e7\u00fcnc\u00fc a\u015famas\u0131, 16-18 Haziran tarihleri aras\u0131nda Tekirda\u011f&#8217;da ger\u00e7ekle\u015ftirildi.<\/p>\n\n\n\n<p class=\"wp-block-paragraph\">Birinci ve ikinci a\u015famalar\u0131 \u00e7evrim i\u00e7i olarak yap\u0131lan program\u0131n y\u00fcz y\u00fcze d\u00fczenlenen b\u00f6l\u00fcm\u00fcnde kad\u0131nlar\u0131n liderli\u011fi ve siyasal temsiliyeti, kentsel geli\u015fim ve kapsay\u0131c\u0131 hizmetler, e\u011fitim, istihdam ve sosyal giri\u015fimcilik, kentsel dayan\u0131kl\u0131l\u0131k ve krizlere yan\u0131t, sa\u011fl\u0131k, kad\u0131na y\u00f6nelik \u015fiddetle m\u00fccadele ile \u00e7ocuk, erken ve zorla evliliklerin \u00f6nlenmesi gibi konularda e\u011fitimler verildi.<\/p>\n\n\n\n<p class=\"wp-block-paragraph\">E\u011fitim program\u0131na Tekirda\u011f B\u00fcy\u00fck\u015fehir Belediyesi b\u00fcnyesinde olu\u015fturulan E\u015fitlik Masalar\u0131 temsilcileri ve E\u015fitlik Birimi personelinden olu\u015fan 14 belediye \u00e7al\u0131\u015fan\u0131n\u0131n yan\u0131 s\u0131ra Kad\u0131n Dostu Kentler Projesi payda\u015f\u0131 olan 6 sivil toplum kurulu\u015funun temsilcileri kat\u0131ld\u0131.<\/p>\n\n\n\n<p class=\"wp-block-paragraph\">Program kapsam\u0131nda olu\u015fturulan E\u015fitlik Masalar\u0131&#8217;n\u0131n, belediye hizmetlerinin toplumsal cinsiyet e\u015fitli\u011fi perspektifiyle de\u011ferlendirilmesine katk\u0131 sundu\u011fu, birimler aras\u0131 koordinasyonun g\u00fc\u00e7lendirilmesi ve e\u015fitlik odakl\u0131 \u00e7al\u0131\u015fmalar\u0131n yayg\u0131nla\u015ft\u0131r\u0131lmas\u0131nda aktif rol \u00fcstlendi\u011fi belirtildi.<\/p>\n\n\n\n<p class=\"wp-block-paragraph\">Ger\u00e7ekle\u015ftirilen e\u011fitimlerle kad\u0131nlar\u0131n karar alma mekanizmalar\u0131na kat\u0131l\u0131m\u0131n\u0131n desteklenmesi, e\u011fitim, istihdam ve sosyal giri\u015fimcilik alanlar\u0131nda g\u00fc\u00e7lenmelerine katk\u0131 sa\u011flanmas\u0131, sa\u011fl\u0131k hizmetlerine eri\u015fimde e\u015fitlik anlay\u0131\u015f\u0131n\u0131n geli\u015ftirilmesi, kapsay\u0131c\u0131 kent hizmetlerinin yayg\u0131nla\u015ft\u0131r\u0131lmas\u0131 ve kad\u0131na y\u00f6nelik \u015fiddetle m\u00fccadelede kurumsal kapasitenin art\u0131r\u0131lmas\u0131 hedefleniyor.<\/p>\n\n\n\n<p class=\"wp-block-paragraph\">Tekirda\u011f B\u00fcy\u00fck\u015fehir Belediyesi, y\u00fcr\u00fctt\u00fc\u011f\u00fc \u00e7al\u0131\u015fmalarla toplumsal cinsiyet e\u015fitli\u011fini yerel y\u00f6netim hizmetlerinin ayr\u0131lmaz bir par\u00e7as\u0131 haline getirmeyi ve t\u00fcm vatanda\u015flar i\u00e7in daha kapsay\u0131c\u0131 bir kent ya\u015fam\u0131 olu\u015fturmay\u0131 ama\u00e7l\u0131yor.<\/p>\n","protected":false},"excerpt":{"rendered":"<p>Tekirda\u011f B\u00fcy\u00fck\u015fehir Belediyesi, Kad\u0131n Dostu Kentler III Program\u0131 kapsam\u0131nda personeline toplumsal cinsiyet e\u015fitli\u011fi e\u011fitimi verdi&#8230;.<\/p>\n","protected":false},"author":1,"featured_media":2291,"comment_status":"closed","ping_status":"closed","sticky":false,"template":"","format":"standard","meta":{"footnotes":""},"categories":[1],"tags":[],"ppma_author":[57],"class_list":["post-2290","post","type-post","status-publish","format-standard","has-post-thumbnail","hentry","category-tekirdag-gundemi"],"authors":[{"term_id":57,"user_id":1,"is_guest":0,"slug":"admin","display_name":"Alp Aslan","avatar_url":"https:\/\/secure.gravatar.com\/avatar\/07c18c5ad3350b025db8f3328450e071acb435c703e565899c880c63362f137a?s=96&d=mm&r=g","author_category":"1","first_name":"Alp Aslan","last_name":"ER\u0130N","user_url":"http:\/\/www.gundem59.com.tr","job_title":"","description":""}],"_links":{"self":[{"href":"https:\/\/gundem59.com.tr\/index.php?rest_route=\/wp\/v2\/posts\/2290","targetHints":{"allow":["GET"]}}],"collection":[{"href":"https:\/\/gundem59.com.tr\/index.php?rest_route=\/wp\/v2\/posts"}],"about":[{"href":"https:\/\/gundem59.com.tr\/index.php?rest_route=\/wp\/v2\/types\/post"}],"author":[{"embeddable":true,"href":"https:\/\/gundem59.com.tr\/index.php?rest_route=\/wp\/v2\/users\/1"}],"replies":[{"embeddable":true,"href":"https:\/\/gundem59.com.tr\/index.php?rest_route=%2Fwp%2Fv2%2Fcomments&post=2290"}],"version-history":[{"count":1,"href":"https:\/\/gundem59.com.tr\/index.php?rest_route=\/wp\/v2\/posts\/2290\/revisions"}],"predecessor-version":[{"id":2292,"href":"https:\/\/gundem59.com.tr\/index.php?rest_route=\/wp\/v2\/posts\/2290\/revisions\/2292"}],"wp:featuredmedia":[{"embeddable":true,"href":"https:\/\/gundem59.com.tr\/index.php?rest_route=\/wp\/v2\/media\/2291"}],"wp:attachment":[{"href":"https:\/\/gundem59.com.tr\/index.php?rest_route=%2Fwp%2Fv2%2Fmedia&parent=2290"}],"wp:term":[{"taxonomy":"category","embeddable":true,"href":"https:\/\/gundem59.com.tr\/index.php?rest_route=%2Fwp%2Fv2%2Fcategories&post=2290"},{"taxonomy":"post_tag","embeddable":true,"href":"https:\/\/gundem59.com.tr\/index.php?rest_route=%2Fwp%2Fv2%2Ftags&post=2290"},{"taxonomy":"author","embeddable":true,"href":"https:\/\/gundem59.com.tr\/index.php?rest_route=%2Fwp%2Fv2%2Fppma_author&post=2290"}],"curies":[{"name":"wp","href":"https:\/\/api.w.org\/{rel}","templated":true}]}}