{"id":2284,"date":"2026-06-22T21:21:53","date_gmt":"2026-06-22T21:21:53","guid":{"rendered":"https:\/\/gundem59.com.tr\/?p=2284"},"modified":"2026-06-22T21:21:53","modified_gmt":"2026-06-22T21:21:53","slug":"tekirdag-lavanta-senligi-basladi","status":"publish","type":"post","link":"https:\/\/gundem59.com.tr\/?p=2284","title":{"rendered":"Tekirda\u011f Lavanta \u015eenli\u011fi Ba\u015flad\u0131"},"content":{"rendered":"\n<p class=\"wp-block-paragraph\">Tekirda\u011f&#8217;da 6. Lavanta \u015eenli\u011fi, mor tarlalarda foto\u011fraflarla ve \u00fcr\u00fcn stantlar\u0131yla ba\u015flad\u0131.<\/p>\n\n\n\n<p class=\"wp-block-paragraph\"><a href=\"https:\/\/www.sondakika.com\/tekirdag\/\">Tekirda\u011f<\/a>&#8216;da 6&#8217;nc\u0131s\u0131 d\u00fczenlenen Lavanta \u015eenli\u011fi, mor tarlalar\u0131n olu\u015fturdu\u011fu g\u00f6rsel \u015f\u00f6len e\u015fli\u011finde ba\u015flad\u0131.<\/p>\n\n\n\n<p class=\"wp-block-paragraph\">Tekirda\u011f Valili\u011fi himayesinde \u0130l&nbsp;<a href=\"https:\/\/www.sondakika.com\/kultur\/\">K\u00fclt\u00fcr<\/a>&nbsp;ve&nbsp;<a href=\"https:\/\/www.sondakika.com\/turizm\/\">Turizm<\/a>&nbsp;M\u00fcd\u00fcrl\u00fc\u011f\u00fcnce Karadeniz Mahallesi&#8217;ndeki lavanta tarlas\u0131nda d\u00fczenlenen etkinlik halk oyunlar\u0131 ekibinin g\u00f6sterisiyle ba\u015flad\u0131.<\/p>\n\n\n\n<p class=\"wp-block-paragraph\">Etkinlikte foto\u011fraf tutkunlar\u0131 mor renkli tarlada foto\u011fraf \u00e7ekerek, en g\u00fczel kareyi yakalamaya \u00e7al\u0131\u015ft\u0131.<\/p>\n\n\n\n<p class=\"wp-block-paragraph\">Vatanda\u015flar da lavanta tarlas\u0131nda olu\u015fturulan dekorlar\u0131n \u00f6n\u00fcnde hat\u0131ra foto\u011fraf\u0131 \u00e7ektirdi.<\/p>\n\n\n\n<p class=\"wp-block-paragraph\">\u015eenlik kapsam\u0131nda lavanta \u00fcr\u00fcnleri \u00fcreten \u00fcreticiler a\u00e7t\u0131klar\u0131 stantlarda \u00fcr\u00fcnlerini tan\u0131tt\u0131. Ziyaret\u00e7iler lavanta ya\u011f\u0131, sabun, kolonya ve \u00e7e\u015fitli hediyelik \u00fcr\u00fcnler hakk\u0131nda bilgi ald\u0131.<\/p>\n\n\n\n<p class=\"wp-block-paragraph\">Etkinlik alan\u0131nda ayr\u0131ca lavanta temal\u0131 foto\u011fraflardan olu\u015fan sergi de sanatseverlerin be\u011fenisine sunuldu.<\/p>\n\n\n\n<p class=\"wp-block-paragraph\">\u0130l K\u00fclt\u00fcr ve Turizm M\u00fcd\u00fcr\u00fc \u00d6mer Faruk Karak\u00fc\u00e7\u00fck, burada yapt\u0131\u011f\u0131 konu\u015fmada, kentin lavanta ve ay\u00e7i\u00e7e\u011fi tarlalar\u0131yla ziyaret\u00e7ilerin ilgisini \u00e7ekti\u011fini s\u00f6yledi.<\/p>\n\n\n\n<p class=\"wp-block-paragraph\">Lavanta \u015fenli\u011finin insanlar\u0131n doyas\u0131ya e\u011flendi\u011fi anlaml\u0131 bir etkinlik oldu\u011funu ifade eden Karak\u00fc\u00e7\u00fck, \u015fenlik boyunca \u00e7ok say\u0131da kat\u0131l\u0131mc\u0131y\u0131 a\u011f\u0131rlayacaklar\u0131n\u0131 dile getirdi.<\/p>\n\n\n\n<p class=\"wp-block-paragraph\">Programa, Vali Yard\u0131mc\u0131s\u0131 Musa Aydemir, kurum m\u00fcd\u00fcrleri ve vatanda\u015flar kat\u0131ld\u0131.<\/p>\n\n\n\n<p class=\"wp-block-paragraph\">\u015eenlik, 26 Haziran&#8217;a kadar farkl\u0131 etkinliklerle s\u00fcrecek.<\/p>\n","protected":false},"excerpt":{"rendered":"<p>Tekirda\u011f&#8217;da 6. Lavanta \u015eenli\u011fi, mor tarlalarda foto\u011fraflarla ve \u00fcr\u00fcn stantlar\u0131yla ba\u015flad\u0131. Tekirda\u011f&#8216;da 6&#8217;nc\u0131s\u0131 d\u00fczenlenen Lavanta&#8230;<\/p>\n","protected":false},"author":1,"featured_media":2285,"comment_status":"closed","ping_status":"closed","sticky":false,"template":"","format":"standard","meta":{"footnotes":""},"categories":[1],"tags":[],"ppma_author":[57],"class_list":["post-2284","post","type-post","status-publish","format-standard","has-post-thumbnail","hentry","category-tekirdag-gundemi"],"authors":[{"term_id":57,"user_id":1,"is_guest":0,"slug":"admin","display_name":"Alp Aslan","avatar_url":"https:\/\/secure.gravatar.com\/avatar\/07c18c5ad3350b025db8f3328450e071acb435c703e565899c880c63362f137a?s=96&d=mm&r=g","author_category":"1","first_name":"Alp Aslan","last_name":"ER\u0130N","user_url":"http:\/\/www.gundem59.com.tr","job_title":"","description":""}],"_links":{"self":[{"href":"https:\/\/gundem59.com.tr\/index.php?rest_route=\/wp\/v2\/posts\/2284","targetHints":{"allow":["GET"]}}],"collection":[{"href":"https:\/\/gundem59.com.tr\/index.php?rest_route=\/wp\/v2\/posts"}],"about":[{"href":"https:\/\/gundem59.com.tr\/index.php?rest_route=\/wp\/v2\/types\/post"}],"author":[{"embeddable":true,"href":"https:\/\/gundem59.com.tr\/index.php?rest_route=\/wp\/v2\/users\/1"}],"replies":[{"embeddable":true,"href":"https:\/\/gundem59.com.tr\/index.php?rest_route=%2Fwp%2Fv2%2Fcomments&post=2284"}],"version-history":[{"count":1,"href":"https:\/\/gundem59.com.tr\/index.php?rest_route=\/wp\/v2\/posts\/2284\/revisions"}],"predecessor-version":[{"id":2286,"href":"https:\/\/gundem59.com.tr\/index.php?rest_route=\/wp\/v2\/posts\/2284\/revisions\/2286"}],"wp:featuredmedia":[{"embeddable":true,"href":"https:\/\/gundem59.com.tr\/index.php?rest_route=\/wp\/v2\/media\/2285"}],"wp:attachment":[{"href":"https:\/\/gundem59.com.tr\/index.php?rest_route=%2Fwp%2Fv2%2Fmedia&parent=2284"}],"wp:term":[{"taxonomy":"category","embeddable":true,"href":"https:\/\/gundem59.com.tr\/index.php?rest_route=%2Fwp%2Fv2%2Fcategories&post=2284"},{"taxonomy":"post_tag","embeddable":true,"href":"https:\/\/gundem59.com.tr\/index.php?rest_route=%2Fwp%2Fv2%2Ftags&post=2284"},{"taxonomy":"author","embeddable":true,"href":"https:\/\/gundem59.com.tr\/index.php?rest_route=%2Fwp%2Fv2%2Fppma_author&post=2284"}],"curies":[{"name":"wp","href":"https:\/\/api.w.org\/{rel}","templated":true}]}}