{"id":2272,"date":"2026-06-22T08:57:40","date_gmt":"2026-06-22T08:57:40","guid":{"rendered":"https:\/\/gundem59.com.tr\/?p=2272"},"modified":"2026-06-22T08:57:40","modified_gmt":"2026-06-22T08:57:40","slug":"tekirdagda-otomobil-yangini-korku-yaratti","status":"publish","type":"post","link":"https:\/\/gundem59.com.tr\/?p=2272","title":{"rendered":"Tekirda\u011f&#8217;da Otomobil Yang\u0131n\u0131 Korku Yaratt\u0131"},"content":{"rendered":"\n<p class=\"wp-block-paragraph\">Muratl\u0131&#8217;da bir garajda meydana gelen otomobil yang\u0131n\u0131nda ara\u00e7 tamamen yanarak kullan\u0131lmaz hale geldi.<\/p>\n\n\n\n<p class=\"wp-block-paragraph\"><a href=\"https:\/\/www.sondakika.com\/tekirdag\/\">Tekirda\u011f<\/a>&#8216;\u0131n&nbsp;<a href=\"https:\/\/www.sondakika.com\/muratli\/\">Muratl\u0131<\/a>&nbsp;il\u00e7esinde d\u00fcn \u00f6\u011fle saatlerinde meydana gelen otomobil yang\u0131n\u0131 mahalle sakinlerine korku dolu anlar ya\u015fatt\u0131. Yang\u0131nda bir otomobil tamamen yanarak kullan\u0131lamaz hale gelirken, bulundu\u011fu garajda da maddi hasar olu\u015ftu.<\/p>\n\n\n\n<p class=\"wp-block-paragraph\">Edinilen bilgiye g\u00f6re olay, Muradiye Mahallesi Orhangazi Caddesi \u00fczerindeki G\u00f6\u00e7men Konutlar\u0131&#8217;nda bulunan Av\u015far Apartman\u0131 \u00f6n\u00fcndeki bir garajda meydana geldi. Garaj i\u00e7erisinde park halinde bulunan otomobil, hen\u00fcz belirlenemeyen bir nedenle alev ald\u0131. K\u0131sa s\u00fcrede b\u00fcy\u00fcyen yang\u0131n, arac\u0131 tamamen sararken yo\u011fun duman \u00e7evreyi kaplad\u0131.<\/p>\n\n\n\n<p class=\"wp-block-paragraph\">\u0130hbar \u00fczerine olay yerine itfaiye ekipleri sevk edildi. Yang\u0131na m\u00fcdahale eden ekipler, alevlerin \u00e7evredeki yap\u0131lara s\u0131\u00e7ramas\u0131n\u0131 \u00f6nleyerek yang\u0131n\u0131 kontrol alt\u0131na alarak s\u00f6nd\u00fcrd\u00fc.<\/p>\n\n\n\n<p class=\"wp-block-paragraph\">Yang\u0131n s\u0131ras\u0131nda arac\u0131n camlar\u0131 ile plastik aksamlar\u0131n\u0131n patlad\u0131\u011f\u0131 g\u00f6r\u00fcl\u00fcrken, otomobil adeta demir y\u0131\u011f\u0131n\u0131na d\u00f6nd\u00fc. Olayda herhangi bir can kayb\u0131 ya da yaralanma ya\u015fanmamas\u0131 ise teselli kayna\u011f\u0131 oldu. Polis ve itfaiye ekipleri olayla ilgili inceleme ba\u015flatt\u0131<\/p>\n","protected":false},"excerpt":{"rendered":"<p>Muratl\u0131&#8217;da bir garajda meydana gelen otomobil yang\u0131n\u0131nda ara\u00e7 tamamen yanarak kullan\u0131lmaz hale geldi. Tekirda\u011f&#8216;\u0131n&nbsp;Muratl\u0131&nbsp;il\u00e7esinde d\u00fcn&#8230;<\/p>\n","protected":false},"author":1,"featured_media":2273,"comment_status":"closed","ping_status":"closed","sticky":false,"template":"","format":"standard","meta":{"footnotes":""},"categories":[12],"tags":[],"ppma_author":[57],"class_list":["post-2272","post","type-post","status-publish","format-standard","has-post-thumbnail","hentry","category-muratli"],"authors":[{"term_id":57,"user_id":1,"is_guest":0,"slug":"admin","display_name":"Alp Aslan","avatar_url":"https:\/\/secure.gravatar.com\/avatar\/07c18c5ad3350b025db8f3328450e071acb435c703e565899c880c63362f137a?s=96&d=mm&r=g","author_category":"1","first_name":"Alp Aslan","last_name":"ER\u0130N","user_url":"http:\/\/www.gundem59.com.tr","job_title":"","description":""}],"_links":{"self":[{"href":"https:\/\/gundem59.com.tr\/index.php?rest_route=\/wp\/v2\/posts\/2272","targetHints":{"allow":["GET"]}}],"collection":[{"href":"https:\/\/gundem59.com.tr\/index.php?rest_route=\/wp\/v2\/posts"}],"about":[{"href":"https:\/\/gundem59.com.tr\/index.php?rest_route=\/wp\/v2\/types\/post"}],"author":[{"embeddable":true,"href":"https:\/\/gundem59.com.tr\/index.php?rest_route=\/wp\/v2\/users\/1"}],"replies":[{"embeddable":true,"href":"https:\/\/gundem59.com.tr\/index.php?rest_route=%2Fwp%2Fv2%2Fcomments&post=2272"}],"version-history":[{"count":1,"href":"https:\/\/gundem59.com.tr\/index.php?rest_route=\/wp\/v2\/posts\/2272\/revisions"}],"predecessor-version":[{"id":2274,"href":"https:\/\/gundem59.com.tr\/index.php?rest_route=\/wp\/v2\/posts\/2272\/revisions\/2274"}],"wp:featuredmedia":[{"embeddable":true,"href":"https:\/\/gundem59.com.tr\/index.php?rest_route=\/wp\/v2\/media\/2273"}],"wp:attachment":[{"href":"https:\/\/gundem59.com.tr\/index.php?rest_route=%2Fwp%2Fv2%2Fmedia&parent=2272"}],"wp:term":[{"taxonomy":"category","embeddable":true,"href":"https:\/\/gundem59.com.tr\/index.php?rest_route=%2Fwp%2Fv2%2Fcategories&post=2272"},{"taxonomy":"post_tag","embeddable":true,"href":"https:\/\/gundem59.com.tr\/index.php?rest_route=%2Fwp%2Fv2%2Ftags&post=2272"},{"taxonomy":"author","embeddable":true,"href":"https:\/\/gundem59.com.tr\/index.php?rest_route=%2Fwp%2Fv2%2Fppma_author&post=2272"}],"curies":[{"name":"wp","href":"https:\/\/api.w.org\/{rel}","templated":true}]}}