{"id":2263,"date":"2026-06-22T08:51:27","date_gmt":"2026-06-22T08:51:27","guid":{"rendered":"https:\/\/gundem59.com.tr\/?p=2263"},"modified":"2026-06-22T08:51:27","modified_gmt":"2026-06-22T08:51:27","slug":"tekirdagda-aycicekleri-sariya-burundu","status":"publish","type":"post","link":"https:\/\/gundem59.com.tr\/?p=2263","title":{"rendered":"Tekirda\u011f&#8217;da Ay\u00e7i\u00e7ekleri Sar\u0131ya B\u00fcr\u00fcnd\u00fc"},"content":{"rendered":"\n<p class=\"wp-block-paragraph\">Tekirda\u011f&#8217;da a\u00e7an ay\u00e7i\u00e7ekleri, tarlalar\u0131 sar\u0131 renge b\u00fcr\u00fcyerek g\u00f6rsel \u015f\u00f6len sunuyor.<\/p>\n\n\n\n<p class=\"wp-block-paragraph\"><a href=\"https:\/\/www.sondakika.com\/tekirdag\/\">Tekirda\u011f<\/a>&#8216;da ay\u00e7i\u00e7eklerin a\u00e7mas\u0131yla tar\u0131m arazileri sar\u0131 renge b\u00fcr\u00fcnd\u00fc.<\/p>\n\n\n\n<p class=\"wp-block-paragraph\">T\u00fcrkiye&#8217;nin \u00f6nemli ay\u00e7i\u00e7e\u011fi \u00fcretim merkezlerinden biri olan kentte, yaz\u0131n gelmesiyle a\u00e7an ay\u00e7i\u00e7ekleri tarlalarda renkli g\u00f6r\u00fcnt\u00fcler olu\u015fturdu.<\/p>\n\n\n\n<p class=\"wp-block-paragraph\">Kent genelinde binlerce dekarl\u0131k alanda yeti\u015ftirilen ay\u00e7i\u00e7ekleri, \u00f6zellikle kara yollar\u0131 \u00e7evresindeki arazilerde olu\u015fturdu\u011fu manzarayla dikkati \u00e7ekiyor.<\/p>\n\n\n\n<p class=\"wp-block-paragraph\">Sar\u0131 \u00e7i\u00e7eklerle kaplanan tarlalar, s\u00fcr\u00fcc\u00fcler ve yolculara g\u00f6rsel \u015f\u00f6len sunuyor.<\/p>\n\n\n\n<p class=\"wp-block-paragraph\">\u0130l K\u00fclt\u00fcr ve&nbsp;<a href=\"https:\/\/www.sondakika.com\/turizm\/\">Turizm<\/a>&nbsp;M\u00fcd\u00fcr\u00fc \u00d6mer Faruk Karak\u00fc\u00e7\u00fck, AA muhabirine, ay\u00e7i\u00e7e\u011fi tarlalar\u0131n\u0131n Tekirda\u011f&#8217;\u0131n yaz mevsimindeki en dikkat \u00e7ekici do\u011fal g\u00fczelliklerinden biri oldu\u011funu s\u00f6yledi.<\/p>\n\n\n\n<p class=\"wp-block-paragraph\">Ay\u00e7i\u00e7eklerinin a\u00e7mas\u0131yla kentin farkl\u0131 b\u00f6lgelerinde sar\u0131 tonlar\u0131n hakim oldu\u011funu belirten Karak\u00fc\u00e7\u00fck, &#8220;Ay\u00e7i\u00e7e\u011fi tarlalar\u0131 bu d\u00f6nemde adeta bir sar\u0131 denizi and\u0131r\u0131yor. \u00d6zellikle k\u0131rsal b\u00f6lgelerde ve kara yolu g\u00fczergahlar\u0131nda olu\u015fan g\u00f6r\u00fcnt\u00fcler g\u00f6renlerin be\u011fenisini kazan\u0131yor.&#8221; dedi.<\/p>\n\n\n\n<p class=\"wp-block-paragraph\">Tekirda\u011f&#8217;\u0131n tar\u0131m kenti kimli\u011finin ay\u00e7i\u00e7e\u011fiyle \u00f6zde\u015fle\u015fti\u011fini ifade eden Karak\u00fc\u00e7\u00fck, tarlalar\u0131n olu\u015fturdu\u011fu manzaran\u0131n kentin tan\u0131t\u0131m\u0131na da katk\u0131 sa\u011flad\u0131\u011f\u0131n\u0131 dile getirdi.<\/p>\n","protected":false},"excerpt":{"rendered":"<p>Tekirda\u011f&#8217;da a\u00e7an ay\u00e7i\u00e7ekleri, tarlalar\u0131 sar\u0131 renge b\u00fcr\u00fcyerek g\u00f6rsel \u015f\u00f6len sunuyor. Tekirda\u011f&#8216;da ay\u00e7i\u00e7eklerin a\u00e7mas\u0131yla tar\u0131m arazileri&#8230;<\/p>\n","protected":false},"author":1,"featured_media":2264,"comment_status":"closed","ping_status":"closed","sticky":false,"template":"","format":"standard","meta":{"footnotes":""},"categories":[1],"tags":[],"ppma_author":[57],"class_list":["post-2263","post","type-post","status-publish","format-standard","has-post-thumbnail","hentry","category-tekirdag-gundemi"],"authors":[{"term_id":57,"user_id":1,"is_guest":0,"slug":"admin","display_name":"Alp Aslan","avatar_url":"https:\/\/secure.gravatar.com\/avatar\/07c18c5ad3350b025db8f3328450e071acb435c703e565899c880c63362f137a?s=96&d=mm&r=g","author_category":"1","first_name":"Alp Aslan","last_name":"ER\u0130N","user_url":"http:\/\/www.gundem59.com.tr","job_title":"","description":""}],"_links":{"self":[{"href":"https:\/\/gundem59.com.tr\/index.php?rest_route=\/wp\/v2\/posts\/2263","targetHints":{"allow":["GET"]}}],"collection":[{"href":"https:\/\/gundem59.com.tr\/index.php?rest_route=\/wp\/v2\/posts"}],"about":[{"href":"https:\/\/gundem59.com.tr\/index.php?rest_route=\/wp\/v2\/types\/post"}],"author":[{"embeddable":true,"href":"https:\/\/gundem59.com.tr\/index.php?rest_route=\/wp\/v2\/users\/1"}],"replies":[{"embeddable":true,"href":"https:\/\/gundem59.com.tr\/index.php?rest_route=%2Fwp%2Fv2%2Fcomments&post=2263"}],"version-history":[{"count":1,"href":"https:\/\/gundem59.com.tr\/index.php?rest_route=\/wp\/v2\/posts\/2263\/revisions"}],"predecessor-version":[{"id":2265,"href":"https:\/\/gundem59.com.tr\/index.php?rest_route=\/wp\/v2\/posts\/2263\/revisions\/2265"}],"wp:featuredmedia":[{"embeddable":true,"href":"https:\/\/gundem59.com.tr\/index.php?rest_route=\/wp\/v2\/media\/2264"}],"wp:attachment":[{"href":"https:\/\/gundem59.com.tr\/index.php?rest_route=%2Fwp%2Fv2%2Fmedia&parent=2263"}],"wp:term":[{"taxonomy":"category","embeddable":true,"href":"https:\/\/gundem59.com.tr\/index.php?rest_route=%2Fwp%2Fv2%2Fcategories&post=2263"},{"taxonomy":"post_tag","embeddable":true,"href":"https:\/\/gundem59.com.tr\/index.php?rest_route=%2Fwp%2Fv2%2Ftags&post=2263"},{"taxonomy":"author","embeddable":true,"href":"https:\/\/gundem59.com.tr\/index.php?rest_route=%2Fwp%2Fv2%2Fppma_author&post=2263"}],"curies":[{"name":"wp","href":"https:\/\/api.w.org\/{rel}","templated":true}]}}