{"id":2251,"date":"2026-06-21T18:46:48","date_gmt":"2026-06-21T18:46:48","guid":{"rendered":"https:\/\/gundem59.com.tr\/?p=2251"},"modified":"2026-06-21T18:46:49","modified_gmt":"2026-06-21T18:46:49","slug":"yunanistan-ege-denizindeki-en-az-12-adada-ohal-ilan-etti","status":"publish","type":"post","link":"https:\/\/gundem59.com.tr\/?p=2251","title":{"rendered":"Yunanistan, Ege Denizi&#8217;ndeki en az 12 adada OHAL ilan etti"},"content":{"rendered":"\n<p class=\"wp-block-paragraph\">Yunanistan&#8217;da Ege Denizi&#8217;ndeki turistik adalar dahil en az 12 adada kurakl\u0131k, artan su t\u00fcketimi ve yetersiz altyap\u0131 nedeniyle ola\u011fan\u00fcst\u00fc hal ilan edildi. Yetkililer, su kay\u0131plar\u0131n\u0131n y\u00fczde 60&#8217;a ula\u015ft\u0131\u011f\u0131n\u0131 ve deniz suyunun yer alt\u0131 kaynaklar\u0131na kar\u0131\u015fma riskinin artt\u0131\u011f\u0131n\u0131 belirtti.<\/p>\n\n\n\n<p class=\"wp-block-paragraph\"><a href=\"https:\/\/www.sondakika.com\/yunanistan\/\">Yunanistan<\/a>&#8216;da en az 12 adada ola\u011fan\u00fcst\u00fc hal (OHAL) ilan edildi.<\/p>\n\n\n\n<h3 class=\"wp-block-heading\">SEBEP: SU KAYNAKLARINDAK\u0130 AZALMA<\/h3>\n\n\n\n<p class=\"wp-block-paragraph\">Yunan bas\u0131n\u0131nda yer alan haberlere g\u00f6re, aralar\u0131nda turistik adalar\u0131n da bulundu\u011fu&nbsp;<a href=\"https:\/\/www.sondakika.com\/ege-denizi\/\">Ege Denizi<\/a>&#8216;ndeki en az 12 adada kurakl\u0131k, artan su t\u00fcketimi ve yetersiz altyap\u0131n\u0131n su kaynaklar\u0131 \u00fczerindeki bask\u0131y\u0131 art\u0131rmas\u0131 nedeniyle ola\u011fan\u00fcst\u00fc hal ilan edildi.<\/p>\n\n\n\n<p class=\"wp-block-paragraph\">Yunanistan&nbsp;<a href=\"https:\/\/www.sondakika.com\/cevre\/\">\u00c7evre<\/a>&nbsp;ve Su Kaynaklar\u0131 Genel Sekreteri Petros Varelidis, su s\u0131k\u0131nt\u0131s\u0131n\u0131n bir\u00e7ok ada i\u00e7in ge\u00e7ici de\u011fil kal\u0131c\u0131 bir sorun niteli\u011fi ta\u015f\u0131d\u0131\u011f\u0131n\u0131 belirterek, yeni turizm yat\u0131r\u0131mlar\u0131n\u0131n mevcut altyap\u0131 kapasitesi dikkate al\u0131narak planlanmas\u0131 gerekti\u011fini ifade etti.<\/p>\n\n\n\n<p class=\"wp-block-paragraph\">Varelidis, baz\u0131 adalarda i\u00e7me suyu \u015febekelerindeki kay\u0131plar\u0131n y\u00fczde 60&#8217;a kadar ula\u015ft\u0131\u011f\u0131n\u0131 kaydederek, yeni tesislerden \u00f6nce su altyap\u0131s\u0131n\u0131n yenilenmesine \u00f6ncelik verilmesi gerekti\u011fini s\u00f6yledi.<\/p>\n\n\n\n<h3 class=\"wp-block-heading\">YER ALTI SU KAYNAKLARINA DEN\u0130Z SUYUNUN KARI\u015eMASI R\u0130SK\u0130 ARTTI<\/h3>\n\n\n\n<p class=\"wp-block-paragraph\">Deprem Planlama ve Koruma Kurumu (OASP) Ba\u015fkan\u0131 Efthimios Lekkas ise yer alt\u0131 su kaynaklar\u0131na deniz suyunun kar\u0131\u015fmas\u0131 riskinin artt\u0131\u011f\u0131n\u0131, bunun baz\u0131 b\u00f6lgelerde tatl\u0131 su rezervlerini tehdit etti\u011fini belirtti.<\/p>\n\n\n\n<p class=\"wp-block-paragraph\">Uzmanlar, su ihtiyac\u0131n\u0131n kar\u015f\u0131lanmas\u0131nda deniz suyunun ar\u0131t\u0131lmas\u0131n\u0131n \u00f6nemli bir alternatif olu\u015fturdu\u011funu ancak y\u00fcksek maliyet ve enerji t\u00fcketimi nedeniyle tek ba\u015f\u0131na kal\u0131c\u0131 \u00e7\u00f6z\u00fcm olarak g\u00f6r\u00fclmedi\u011fini savunuyor.<\/p>\n\n\n\n<p class=\"wp-block-paragraph\">Yunanistan&#8217;da son y\u0131llarda kurakl\u0131k, turizm faaliyetlerindeki art\u0131\u015f ve altyap\u0131 yetersizlikleri nedeniyle \u00f6zellikle ada b\u00f6lgelerinde su kaynaklar\u0131 \u00fczerindeki bask\u0131n\u0131n artt\u0131\u011f\u0131, bir\u00e7ok belediyenin yaz sezonu \u00f6ncesinde su tasarrufu tedbirlerini g\u00fcndemine ald\u0131\u011f\u0131 belirtildi<\/p>\n","protected":false},"excerpt":{"rendered":"<p>Yunanistan&#8217;da Ege Denizi&#8217;ndeki turistik adalar dahil en az 12 adada kurakl\u0131k, artan su t\u00fcketimi ve&#8230;<\/p>\n","protected":false},"author":1,"featured_media":2252,"comment_status":"closed","ping_status":"closed","sticky":false,"template":"","format":"standard","meta":{"footnotes":""},"categories":[54],"tags":[],"ppma_author":[57],"class_list":["post-2251","post","type-post","status-publish","format-standard","has-post-thumbnail","hentry","category-dunya"],"authors":[{"term_id":57,"user_id":1,"is_guest":0,"slug":"admin","display_name":"Alp Aslan","avatar_url":"https:\/\/secure.gravatar.com\/avatar\/07c18c5ad3350b025db8f3328450e071acb435c703e565899c880c63362f137a?s=96&d=mm&r=g","author_category":"1","first_name":"Alp Aslan","last_name":"ER\u0130N","user_url":"http:\/\/www.gundem59.com.tr","job_title":"","description":""}],"_links":{"self":[{"href":"https:\/\/gundem59.com.tr\/index.php?rest_route=\/wp\/v2\/posts\/2251","targetHints":{"allow":["GET"]}}],"collection":[{"href":"https:\/\/gundem59.com.tr\/index.php?rest_route=\/wp\/v2\/posts"}],"about":[{"href":"https:\/\/gundem59.com.tr\/index.php?rest_route=\/wp\/v2\/types\/post"}],"author":[{"embeddable":true,"href":"https:\/\/gundem59.com.tr\/index.php?rest_route=\/wp\/v2\/users\/1"}],"replies":[{"embeddable":true,"href":"https:\/\/gundem59.com.tr\/index.php?rest_route=%2Fwp%2Fv2%2Fcomments&post=2251"}],"version-history":[{"count":1,"href":"https:\/\/gundem59.com.tr\/index.php?rest_route=\/wp\/v2\/posts\/2251\/revisions"}],"predecessor-version":[{"id":2253,"href":"https:\/\/gundem59.com.tr\/index.php?rest_route=\/wp\/v2\/posts\/2251\/revisions\/2253"}],"wp:featuredmedia":[{"embeddable":true,"href":"https:\/\/gundem59.com.tr\/index.php?rest_route=\/wp\/v2\/media\/2252"}],"wp:attachment":[{"href":"https:\/\/gundem59.com.tr\/index.php?rest_route=%2Fwp%2Fv2%2Fmedia&parent=2251"}],"wp:term":[{"taxonomy":"category","embeddable":true,"href":"https:\/\/gundem59.com.tr\/index.php?rest_route=%2Fwp%2Fv2%2Fcategories&post=2251"},{"taxonomy":"post_tag","embeddable":true,"href":"https:\/\/gundem59.com.tr\/index.php?rest_route=%2Fwp%2Fv2%2Ftags&post=2251"},{"taxonomy":"author","embeddable":true,"href":"https:\/\/gundem59.com.tr\/index.php?rest_route=%2Fwp%2Fv2%2Fppma_author&post=2251"}],"curies":[{"name":"wp","href":"https:\/\/api.w.org\/{rel}","templated":true}]}}