{"id":2246,"date":"2026-06-21T18:31:04","date_gmt":"2026-06-21T18:31:04","guid":{"rendered":"https:\/\/gundem59.com.tr\/?p=2246"},"modified":"2026-06-21T18:31:04","modified_gmt":"2026-06-21T18:31:04","slug":"tekirdagda-arpa-hasadi-basladi","status":"publish","type":"post","link":"https:\/\/gundem59.com.tr\/?p=2246","title":{"rendered":"Tekirda\u011f&#8217;da Arpa Hasad\u0131 Ba\u015flad\u0131"},"content":{"rendered":"\n<p class=\"wp-block-paragraph\">S\u00fcleymanpa\u015fa&#8217;da arpa hasad\u0131, yeterli ya\u011f\u0131\u015flar sayesinde y\u00fcksek verimle s\u00fcr\u00fcyor. \u00c7ift\u00e7iler memnun.<\/p>\n\n\n\n<p class=\"wp-block-paragraph\"><a href=\"https:\/\/www.sondakika.com\/tekirdag\/\">Tekirda\u011f<\/a>&#8216;\u0131n S\u00fcleymanpa\u015fa il\u00e7esinde arpa hasad\u0131 ba\u015flarken, tarlalara giren bi\u00e7erd\u00f6verler alt\u0131n sar\u0131s\u0131 ba\u015faklar\u0131 bi\u00e7meye ba\u015flad\u0131. Ya\u011f\u0131\u015flar\u0131n yeterli olmas\u0131 nedeniyle \u00fcreticiler bu y\u0131l y\u00fcksek verim bekliyor.<\/p>\n\n\n\n<p class=\"wp-block-paragraph\">Tekirda\u011f&#8217;da yaz mevsiminin gelmesiyle birlikte tar\u0131m arazilerinde hasat hareketlili\u011fi ba\u015flad\u0131. T\u00fcrkiye&#8217;nin \u00f6nemli tar\u0131m merkezlerinden biri olan kentte \u00e7ift\u00e7iler, aylar s\u00fcren emeklerinin kar\u015f\u0131l\u0131\u011f\u0131n\u0131 almak i\u00e7in tarlalara y\u00f6neldi. S\u00fcleymanpa\u015fa il\u00e7esine ba\u011fl\u0131 Ortaca Mahallesi&#8217;nde ba\u015flayan arpa hasad\u0131yla birlikte bi\u00e7erd\u00f6verler geni\u015f ekili alanlarda \u00e7al\u0131\u015fmaya ba\u015flad\u0131.<\/p>\n\n\n\n<p class=\"wp-block-paragraph\">Drone ile havadan g\u00f6r\u00fcnt\u00fclenen hasat \u00e7al\u0131\u015fmalar\u0131, Trakya&#8217;n\u0131n bereketli topraklar\u0131nda olu\u015fan sar\u0131 ba\u015fak denizini g\u00f6zler \u00f6n\u00fcne serdi. Tarlalarda bir yandan bi\u00e7erd\u00f6verler arpay\u0131 hasat ederken, di\u011fer yandan \u00e7ift\u00e7iler de verim ve kaliteyi yak\u0131ndan takip ediyor. Bu y\u0131l k\u0131\u015f ve ilkbahar d\u00f6neminde al\u0131nan ya\u011f\u0131\u015flar\u0131n \u00fcr\u00fcn geli\u015fimine olumlu katk\u0131 sa\u011flad\u0131\u011f\u0131n\u0131 belirten \u00fcreticiler, ge\u00e7en y\u0131llara g\u00f6re daha y\u00fcksek verim beklediklerini ifade ediyor.<\/p>\n\n\n\n<p class=\"wp-block-paragraph\">Ya\u011f\u0131\u015flar verimi art\u0131rd\u0131<\/p>\n\n\n\n<p class=\"wp-block-paragraph\">Arpa hasad\u0131n\u0131n yap\u0131ld\u0131\u011f\u0131 S\u00fcleymanpa\u015fa il\u00e7esine ba\u011fl\u0131 Ortaca Mahallesi sakinlerinden G\u00fcrol Bayrak, bu y\u0131lki verimden memnun olduklar\u0131n\u0131 s\u00f6yledi. Bayrak, &#8220;\u015euan g\u00f6rd\u00fc\u011f\u00fcn\u00fcz gibi arpa hasad\u0131 yapmaktay\u0131z. 2026 y\u0131l\u0131 \u00fcr\u00fcn\u00fcn\u00fcn ilk hasatlar\u0131 bitmek \u00fczere. Yar\u0131y\u0131 ge\u00e7tik ya\u011f\u0131\u015flardan dolay\u0131 verimlerimiz gayet iyi. Allah verdi \u00e7ok \u015f\u00fck\u00fcr. Fiyat\u0131lar\u0131m\u0131zda bir nebze memnun edici ama verimden dolay\u0131 memnunuz. B\u00fct\u00fcn \u00e7ift\u00e7ilerimize hay\u0131rl\u0131 olsun. Bizim b\u00f6lgemizde rekolte 500 ile 700 aras\u0131nda de\u011fi\u015fiyor. Bu da gayet memnun edici \u00e7ok \u015f\u00fck\u00fcr. Arpa hasad\u0131 yakla\u015ft\u0131 bir hafta 10 g\u00fcn s\u00fcrer. Ondan sonra bu\u011fday ba\u015flar. Bizim buralarda 20-25 g\u00fcn i\u00e7erisinde hasat biter&#8221; dedi.<\/p>\n\n\n\n<p class=\"wp-block-paragraph\">200 bin dekar alanda ekim<\/p>\n\n\n\n<p class=\"wp-block-paragraph\">Tekirda\u011f Tar\u0131m ve Orman \u0130l M\u00fcd\u00fcr\u00fc Mehmet Aksoy ise il genelinde yakla\u015f\u0131k 200 bin dekar alanda arpa ekimi yap\u0131ld\u0131\u011f\u0131n\u0131 belirterek, &#8220;Bu y\u0131l 140 bin ton civar\u0131nda rekolte bekliyoruz. Ya\u011f\u0131\u015flar\u0131n olumlu etkisiyle dekar ba\u015f\u0131na ortalama 650-700 kilogram verim \u00f6ng\u00f6r\u00fcyoruz. Arpa fiyatlar\u0131 da kilogramda 12-12,5 TL seviyelerinde seyrediyor. Hasat sezonunun t\u00fcm \u00fcreticilerimize hay\u0131rl\u0131 ve bereketli olmas\u0131n\u0131 diliyorum&#8221; dedi.<\/p>\n\n\n\n<p class=\"wp-block-paragraph\">S\u0131rada bu\u011fday hasad\u0131 var<\/p>\n\n\n\n<p class=\"wp-block-paragraph\">Arpa hasad\u0131n\u0131n \u00f6n\u00fcm\u00fczdeki g\u00fcnlerde tamamlanmas\u0131n\u0131n ard\u0131ndan b\u00f6lgede bu\u011fday hasad\u0131na ge\u00e7ilecek. Tekirda\u011f genelinde binlerce dekar alanda devam edecek hasat sezonunda \u00e7ift\u00e7iler, hem verimin hem de \u00fcr\u00fcn kalitesinin y\u00fczlerini g\u00fcld\u00fcrmesini bekliyor. \u00dcreticiler, sezonun kazas\u0131z ve bereketli ge\u00e7mesini temenni ederken, hasat mesaisinin \u00f6n\u00fcm\u00fczdeki haftalarda yo\u011funla\u015faca\u011f\u0131 belirtiliyor.<\/p>\n","protected":false},"excerpt":{"rendered":"<p>S\u00fcleymanpa\u015fa&#8217;da arpa hasad\u0131, yeterli ya\u011f\u0131\u015flar sayesinde y\u00fcksek verimle s\u00fcr\u00fcyor. \u00c7ift\u00e7iler memnun. Tekirda\u011f&#8216;\u0131n S\u00fcleymanpa\u015fa il\u00e7esinde arpa&#8230;<\/p>\n","protected":false},"author":1,"featured_media":0,"comment_status":"closed","ping_status":"closed","sticky":false,"template":"","format":"standard","meta":{"footnotes":""},"categories":[14],"tags":[],"ppma_author":[57],"class_list":["post-2246","post","type-post","status-publish","format-standard","hentry","category-suleymanpasa"],"authors":[{"term_id":57,"user_id":1,"is_guest":0,"slug":"admin","display_name":"Alp Aslan","avatar_url":"https:\/\/secure.gravatar.com\/avatar\/07c18c5ad3350b025db8f3328450e071acb435c703e565899c880c63362f137a?s=96&d=mm&r=g","author_category":"1","first_name":"Alp Aslan","last_name":"ER\u0130N","user_url":"http:\/\/www.gundem59.com.tr","job_title":"","description":""}],"_links":{"self":[{"href":"https:\/\/gundem59.com.tr\/index.php?rest_route=\/wp\/v2\/posts\/2246","targetHints":{"allow":["GET"]}}],"collection":[{"href":"https:\/\/gundem59.com.tr\/index.php?rest_route=\/wp\/v2\/posts"}],"about":[{"href":"https:\/\/gundem59.com.tr\/index.php?rest_route=\/wp\/v2\/types\/post"}],"author":[{"embeddable":true,"href":"https:\/\/gundem59.com.tr\/index.php?rest_route=\/wp\/v2\/users\/1"}],"replies":[{"embeddable":true,"href":"https:\/\/gundem59.com.tr\/index.php?rest_route=%2Fwp%2Fv2%2Fcomments&post=2246"}],"version-history":[{"count":1,"href":"https:\/\/gundem59.com.tr\/index.php?rest_route=\/wp\/v2\/posts\/2246\/revisions"}],"predecessor-version":[{"id":2247,"href":"https:\/\/gundem59.com.tr\/index.php?rest_route=\/wp\/v2\/posts\/2246\/revisions\/2247"}],"wp:attachment":[{"href":"https:\/\/gundem59.com.tr\/index.php?rest_route=%2Fwp%2Fv2%2Fmedia&parent=2246"}],"wp:term":[{"taxonomy":"category","embeddable":true,"href":"https:\/\/gundem59.com.tr\/index.php?rest_route=%2Fwp%2Fv2%2Fcategories&post=2246"},{"taxonomy":"post_tag","embeddable":true,"href":"https:\/\/gundem59.com.tr\/index.php?rest_route=%2Fwp%2Fv2%2Ftags&post=2246"},{"taxonomy":"author","embeddable":true,"href":"https:\/\/gundem59.com.tr\/index.php?rest_route=%2Fwp%2Fv2%2Fppma_author&post=2246"}],"curies":[{"name":"wp","href":"https:\/\/api.w.org\/{rel}","templated":true}]}}