{"id":2243,"date":"2026-06-21T18:28:36","date_gmt":"2026-06-21T18:28:36","guid":{"rendered":"https:\/\/gundem59.com.tr\/?p=2243"},"modified":"2026-06-21T18:28:37","modified_gmt":"2026-06-21T18:28:37","slug":"suleymanpasada-lavanta-tarlalarina-yogun-ilgi","status":"publish","type":"post","link":"https:\/\/gundem59.com.tr\/?p=2243","title":{"rendered":"S\u00fcleymanpa\u015fa&#8217;da Lavanta Tarlalar\u0131na Yo\u011fun \u0130lgi"},"content":{"rendered":"\n<p class=\"wp-block-paragraph\">Tekirda\u011f&#8217;\u0131n lavanta tarlalar\u0131, do\u011faseverleri cezbediyor; \u0130stanbul&#8217;dan gelen ziyaret\u00e7i ak\u0131n\u0131 s\u00fcr\u00fcyor.<\/p>\n\n\n\n<p class=\"wp-block-paragraph\"><a href=\"https:\/\/www.sondakika.com\/tekirdag\/\">Tekirda\u011f<\/a>&#8216;\u0131n S\u00fcleymanpa\u015fa il\u00e7esindeki lavanta tarlalar\u0131, e\u015fsiz g\u00f6r\u00fcnt\u00fcs\u00fcyle do\u011faseverleri b\u00f6lgeye \u00e7ekiyor. \u00d6zellikle&nbsp;<a href=\"https:\/\/www.sondakika.com\/istanbul\/\">\u0130stanbul<\/a>&#8216;dan gelen vatanda\u015flar, ziyaret\u00e7i yo\u011funlu\u011fu ya\u015fanmas\u0131na neden oldu.<\/p>\n\n\n\n<p class=\"wp-block-paragraph\">Tekirda\u011f&#8217;\u0131n S\u00fcleymanpa\u015fa il\u00e7esinde yaz mevsimiyle birlikte lavanta tarlalar\u0131nda ziyaret\u00e7i yo\u011funlu\u011fu ya\u015fanmaya ba\u015flad\u0131. Hafta sonunu do\u011fayla i\u00e7 i\u00e7e ge\u00e7irmek ve \u015fehir ya\u015fam\u0131n\u0131n stresinden uzakla\u015fmak isteyen vatanda\u015flar, mor \u00e7i\u00e7eklerle kaplanan tarlalara ak\u0131n ediyor. Son y\u0131llarda Tekirda\u011f&#8217;da \u00f6n plana \u00e7\u0131kmaya ba\u015flayan mor turizm, her ya\u015ftan ziyaret\u00e7inin ilgisini \u00e7ekiyor. Lavanta bah\u00e7elerini ziyaret eden vatanda\u015flar, mor renklerin olu\u015fturdu\u011fu g\u00f6rsel \u015f\u00f6len e\u015fli\u011finde y\u00fcr\u00fcy\u00fc\u015f yaparken bol bol foto\u011fraf ve video \u00e7ekerek an\u0131 \u00f6l\u00fcms\u00fczle\u015ftiriyor. \u00d6zellikle sosyal medya kullan\u0131c\u0131lar\u0131n\u0131n g\u00f6zdesi haline gelen tarlalar, do\u011fal g\u00fczelli\u011fiyle dikkat \u00e7ekiyor.<\/p>\n\n\n\n<p class=\"wp-block-paragraph\">Ba\u015fta \u0130stanbul olmak \u00fczere \u00e7evre il ve il\u00e7elerden gelen ziyaret\u00e7iler, lavanta tarlalar\u0131nda keyifli vakit ge\u00e7iriyor. B\u00f6lgede geli\u015fmeye ba\u015flayan mor turizm, k\u0131rsal turizme katk\u0131 sa\u011flarken, Tekirda\u011f&#8217;\u0131n do\u011fal g\u00fczelliklerinin de daha geni\u015f kitlelere ula\u015fmas\u0131na imkan tan\u0131yor.<\/p>\n\n\n\n<p class=\"wp-block-paragraph\">&#8220;Temmuz sonuna kadar yo\u011funluk s\u00fcr\u00fcyor&#8221;<\/p>\n\n\n\n<p class=\"wp-block-paragraph\">Tarlan\u0131n i\u015fletmecilerinden Kamil Turgut, ziyaret\u00e7i yo\u011funlu\u011fundan memnun olduklar\u0131n\u0131 belirterek, &#8220;\u015eu an \u00e7ok ziyaret\u00e7imiz geliyor. \u00d6zellikle \u0130stanbul&#8217;dan ak\u0131n ak\u0131n geliyorlar. \u00c7ok memnun kal\u0131yorlar. Bu \u015fekilde temmuz ay\u0131n\u0131n sonuna kadar s\u00fcr\u00fcyor. Yani 45-50 g\u00fcn yo\u011fun bir \u015fekilde ge\u00e7iyor. Sonra hasat yapaca\u011f\u0131z, ya\u011f\u0131n\u0131 alaca\u011f\u0131z. Seneye gelecek olan ziyaret\u00e7ilerimiz kullanacak&#8221; dedi.<\/p>\n\n\n\n<p class=\"wp-block-paragraph\">Mor tarlalar havadan g\u00f6r\u00fcnt\u00fclendi<\/p>\n\n\n\n<p class=\"wp-block-paragraph\">Lavanta tarlalar\u0131 dron ile havadan da g\u00f6r\u00fcnt\u00fclendi. Mor renge b\u00fcr\u00fcnen geni\u015f alanlar ve ziyaret\u00e7ilerin olu\u015fturdu\u011fu hareketlilik g\u00f6r\u00fcnt\u00fclere yans\u0131rken, ortaya \u00e7\u0131kan manzara g\u00f6renleri hayran b\u0131rakt\u0131. Temmuz ay\u0131n\u0131n sonuna kadar s\u00fcrmesi beklenen lavanta sezonunda, mor tarlalar\u0131n binlerce ziyaret\u00e7iyi a\u011f\u0131rlamaya devam etmesi bekleniyor.<\/p>\n","protected":false},"excerpt":{"rendered":"<p>Tekirda\u011f&#8217;\u0131n lavanta tarlalar\u0131, do\u011faseverleri cezbediyor; \u0130stanbul&#8217;dan gelen ziyaret\u00e7i ak\u0131n\u0131 s\u00fcr\u00fcyor. Tekirda\u011f&#8216;\u0131n S\u00fcleymanpa\u015fa il\u00e7esindeki lavanta tarlalar\u0131,&#8230;<\/p>\n","protected":false},"author":1,"featured_media":2244,"comment_status":"closed","ping_status":"closed","sticky":false,"template":"","format":"standard","meta":{"footnotes":""},"categories":[14],"tags":[],"ppma_author":[57],"class_list":["post-2243","post","type-post","status-publish","format-standard","has-post-thumbnail","hentry","category-suleymanpasa"],"authors":[{"term_id":57,"user_id":1,"is_guest":0,"slug":"admin","display_name":"Alp Aslan","avatar_url":"https:\/\/secure.gravatar.com\/avatar\/07c18c5ad3350b025db8f3328450e071acb435c703e565899c880c63362f137a?s=96&d=mm&r=g","author_category":"1","first_name":"Alp Aslan","last_name":"ER\u0130N","user_url":"http:\/\/www.gundem59.com.tr","job_title":"","description":""}],"_links":{"self":[{"href":"https:\/\/gundem59.com.tr\/index.php?rest_route=\/wp\/v2\/posts\/2243","targetHints":{"allow":["GET"]}}],"collection":[{"href":"https:\/\/gundem59.com.tr\/index.php?rest_route=\/wp\/v2\/posts"}],"about":[{"href":"https:\/\/gundem59.com.tr\/index.php?rest_route=\/wp\/v2\/types\/post"}],"author":[{"embeddable":true,"href":"https:\/\/gundem59.com.tr\/index.php?rest_route=\/wp\/v2\/users\/1"}],"replies":[{"embeddable":true,"href":"https:\/\/gundem59.com.tr\/index.php?rest_route=%2Fwp%2Fv2%2Fcomments&post=2243"}],"version-history":[{"count":1,"href":"https:\/\/gundem59.com.tr\/index.php?rest_route=\/wp\/v2\/posts\/2243\/revisions"}],"predecessor-version":[{"id":2245,"href":"https:\/\/gundem59.com.tr\/index.php?rest_route=\/wp\/v2\/posts\/2243\/revisions\/2245"}],"wp:featuredmedia":[{"embeddable":true,"href":"https:\/\/gundem59.com.tr\/index.php?rest_route=\/wp\/v2\/media\/2244"}],"wp:attachment":[{"href":"https:\/\/gundem59.com.tr\/index.php?rest_route=%2Fwp%2Fv2%2Fmedia&parent=2243"}],"wp:term":[{"taxonomy":"category","embeddable":true,"href":"https:\/\/gundem59.com.tr\/index.php?rest_route=%2Fwp%2Fv2%2Fcategories&post=2243"},{"taxonomy":"post_tag","embeddable":true,"href":"https:\/\/gundem59.com.tr\/index.php?rest_route=%2Fwp%2Fv2%2Ftags&post=2243"},{"taxonomy":"author","embeddable":true,"href":"https:\/\/gundem59.com.tr\/index.php?rest_route=%2Fwp%2Fv2%2Fppma_author&post=2243"}],"curies":[{"name":"wp","href":"https:\/\/api.w.org\/{rel}","templated":true}]}}