{"id":2210,"date":"2026-06-20T22:21:55","date_gmt":"2026-06-20T22:21:55","guid":{"rendered":"https:\/\/gundem59.com.tr\/?p=2210"},"modified":"2026-06-20T22:21:55","modified_gmt":"2026-06-20T22:21:55","slug":"tekirdagda-2-leylek-festivali-duzenlendi","status":"publish","type":"post","link":"https:\/\/gundem59.com.tr\/?p=2210","title":{"rendered":"Tekirda\u011f&#8217;da 2. Leylek Festivali D\u00fczenlendi"},"content":{"rendered":"\n<p class=\"wp-block-paragraph\">Leyleklerin korunmas\u0131na y\u00f6nelik d\u00fczenlenen festivalde do\u011faseverler bir araya geldi, etkinlikler yap\u0131ld\u0131.<\/p>\n\n\n\n<p class=\"wp-block-paragraph\"><a href=\"https:\/\/www.sondakika.com\/tekirdag\/\">Tekirda\u011f<\/a>&#8216;da leyleklerin korunmas\u0131na y\u00f6nelik fark\u0131ndal\u0131k olu\u015fturmak amac\u0131yla &#8220;2. Leylek Festivali&#8221; d\u00fczenlendi.<\/p>\n\n\n\n<p class=\"wp-block-paragraph\">Tar\u0131m ve Orman Bakanl\u0131\u011f\u0131&nbsp;<a href=\"https:\/\/www.sondakika.com\/doga\/\">Do\u011fa<\/a>&nbsp;Koruma ve Milli Parklar (DKMP) 1. B\u00f6lge M\u00fcd\u00fcrl\u00fc\u011f\u00fc ile Trakya Elektrik Da\u011f\u0131t\u0131m A\u015e (TREDA\u015e) i\u015fbirli\u011fiyle Hayrabolu il\u00e7esi Karakavak Mahallesi&#8217;nde ger\u00e7ekle\u015ftirilen festival do\u011faseverleri bir araya getirdi.<\/p>\n\n\n\n<p class=\"wp-block-paragraph\">Festival kapsam\u0131nda kat\u0131l\u0131mc\u0131lar i\u00e7in etkinlik at\u00f6lyeleri, leylek halkalama \u00e7al\u0131\u015fmalar\u0131, ku\u015f g\u00f6zlemi etkinlikleri ve yaban hayat\u0131 foto\u011fraf at\u00f6lyeleri d\u00fczenlendi.<\/p>\n\n\n\n<p class=\"wp-block-paragraph\">Ziyaret\u00e7iler, y\u00f6resel \u00fcr\u00fcn ve lezzetlerin tan\u0131t\u0131ld\u0131\u011f\u0131 stantlar\u0131 ve foto\u011fraf sergilerini gezdi.<\/p>\n\n\n\n<p class=\"wp-block-paragraph\">\u00c7ocuklara y\u00f6nelik e\u011fitici ve e\u011flenceli aktivitelerin de ger\u00e7ekle\u015ftirildi\u011fi festivalde, b\u00f6lgenin biyolojik \u00e7e\u015fitlili\u011fi tan\u0131t\u0131ld\u0131.<\/p>\n\n\n\n<p class=\"wp-block-paragraph\">Do\u011fa Koruma ve Milli Parklar 1. B\u00f6lge M\u00fcd\u00fcr\u00fc Fahrettin Ulu, programda yapt\u0131\u011f\u0131 konu\u015fmada, etkinlikle do\u011fal ya\u015fam\u0131n korunmas\u0131 ve leyleklerin ya\u015fam alanlar\u0131n\u0131n s\u00fcrd\u00fcr\u00fclebilirli\u011fine y\u00f6nelik fark\u0131ndal\u0131k olu\u015fturulmas\u0131n\u0131n ama\u00e7land\u0131\u011f\u0131n\u0131 s\u00f6yledi.<\/p>\n\n\n\n<p class=\"wp-block-paragraph\">D\u00fcnyan\u0131n iklim de\u011fi\u015fikli\u011fi, k\u00fcresel \u0131s\u0131nma, orman yang\u0131nlar\u0131, s\u0131cakl\u0131klar, ta\u015fk\u0131nlar ve sellerle bo\u011fu\u015ftu\u011funu belirten Ulu, &#8220;Buradan ortaya \u00e7\u0131kan sonu\u00e7 itibar\u0131yla bakt\u0131\u011f\u0131m\u0131z zaman art\u0131k do\u011fal kaynaklar\u0131n korunmas\u0131n\u0131n ne kadar \u00f6nemli oldu\u011funu biz yeni yeni, belki d\u00fcnya bunlar\u0131 15-20 y\u0131ld\u0131r konu\u015fuyorduk ama bu son d\u00f6nemde ne kadar \u00f6nemli oldu\u011funu g\u00f6rd\u00fck. Dolay\u0131s\u0131yla burada \u00f6zellikle biyolojik \u00e7e\u015fitlili\u011fin korunmas\u0131n\u0131n, ayn\u0131 zamanda yaban hayat\u0131n\u0131n korunmas\u0131n\u0131n ve geli\u015ftirilmesinin ne \u00f6l\u00e7\u00fcde \u00f6nemli oldu\u011funu, korunmas\u0131n\u0131n \u00f6nemli oldu\u011funu bizler de bununla beraber art\u0131k uygulamaya koyduk.&#8221; dedi.<\/p>\n\n\n\n<p class=\"wp-block-paragraph\">Ulu, ku\u015f g\u00f6\u00e7 hareketlerinin bir an \u00f6nce tamamlanarak bilimsel verilerle ortaya koyulmas\u0131n\u0131 sa\u011flamak istediklerini dile getirdi.<\/p>\n\n\n\n<p class=\"wp-block-paragraph\">Trakya&#8217;n\u0131n ku\u015f g\u00f6\u00e7 yollar\u0131 \u00fczerinde stratejik konumda oldu\u011funu ifade eden Ulu, &#8220;2025 y\u0131l\u0131 i\u00e7erisinde bu \u00e7al\u0131\u015fmay\u0131 ba\u015flatt\u0131k. Be\u015f y\u0131l i\u00e7erisinde ise 500 adet leylek ve 100 adet de \u015fah kartal\u0131n\u0131n halkalanma \u00e7al\u0131\u015fmas\u0131n\u0131 tamamlayaca\u011f\u0131z. Bunlar\u0131n \u00f6zellikle ge\u00e7i\u015f g\u00fczergah\u0131nda, nas\u0131l beslendiklerini, hangi ya\u015fam ortamlar\u0131nda bulunduklar\u0131n\u0131 bunlar\u0131n t\u00fcm\u00fcn\u00fc g\u00f6rme imkan\u0131na sahip olaca\u011f\u0131z.&#8221; diye konu\u015ftu.<\/p>\n\n\n\n<p class=\"wp-block-paragraph\">TREDA\u015e Genel M\u00fcd\u00fcr\u00fc Necati Ergin de Trakya&#8217;n\u0131n her y\u0131l binlerce leyle\u011fi misafir etti\u011fini dile getirdi.<\/p>\n\n\n\n<p class=\"wp-block-paragraph\">Do\u011fayla uyumlu \u00e7\u00f6z\u00fcmlere y\u00f6nelik projelere destek olmaya devam ettiklerini aktaran Ergin, \u015funlar\u0131 kaydetti:<\/p>\n\n\n\n<p class=\"wp-block-paragraph\">&#8220;Enerji da\u011f\u0131t\u0131m \u015firketi olarak g\u00f6revimiz yaln\u0131zca kesintisiz enerji sunmak de\u011fil, faaliyet g\u00f6sterdi\u011fimiz co\u011frafyan\u0131n do\u011fal ya\u015fam\u0131na da sayg\u0131 duymak, sahip \u00e7\u0131kmak. Bu kapsamda da biz do\u011fa dostu \u015febeke d\u00f6n\u00fc\u015f\u00fcm\u00fcn\u00fc destekliyoruz ve vizyon olarak da benimsiyoruz. Bu nedenle de ku\u015f g\u00f6\u00e7 yollar\u0131n\u0131, ya\u015fam alanlar\u0131n\u0131, davran\u0131\u015flar\u0131n\u0131n daha iyi anlamaya \u00e7al\u0131\u015fan bilimsel \u00e7al\u0131\u015fmalar\u0131 da \u00f6nemsiyoruz ve bu manada da destekliyoruz.&#8221;<\/p>\n\n\n\n<p class=\"wp-block-paragraph\">Konu\u015fmalar\u0131n ard\u0131ndan TREDA\u015e ekiplerince yuvalardan al\u0131nan leylek yavrular\u0131 DKMP ekiplerince halkaland\u0131.<\/p>\n\n\n\n<p class=\"wp-block-paragraph\">Programa, CHP Tekirda\u011f Milletvekili Nurten Yontar, Hayrabolu Belediye Ba\u015fkan\u0131 Tuncer Ba\u015fo\u011flu, Hayrabolu Kaymakam\u0131 Ey\u00fcp F\u0131rat ve vatanda\u015flar kat\u0131ld\u0131.<\/p>\n\n\n\n<p class=\"wp-block-paragraph\">\u00c7e\u015fitli etkinliklerle devam edecek festival yar\u0131n sona erecek.<\/p>\n","protected":false},"excerpt":{"rendered":"<p>Leyleklerin korunmas\u0131na y\u00f6nelik d\u00fczenlenen festivalde do\u011faseverler bir araya geldi, etkinlikler yap\u0131ld\u0131. Tekirda\u011f&#8216;da leyleklerin korunmas\u0131na y\u00f6nelik&#8230;<\/p>\n","protected":false},"author":1,"featured_media":2211,"comment_status":"closed","ping_status":"closed","sticky":false,"template":"","format":"standard","meta":{"footnotes":""},"categories":[1],"tags":[],"ppma_author":[57],"class_list":["post-2210","post","type-post","status-publish","format-standard","has-post-thumbnail","hentry","category-tekirdag-gundemi"],"authors":[{"term_id":57,"user_id":1,"is_guest":0,"slug":"admin","display_name":"Alp Aslan","avatar_url":"https:\/\/secure.gravatar.com\/avatar\/07c18c5ad3350b025db8f3328450e071acb435c703e565899c880c63362f137a?s=96&d=mm&r=g","author_category":"1","first_name":"Alp Aslan","last_name":"ER\u0130N","user_url":"http:\/\/www.gundem59.com.tr","job_title":"","description":""}],"_links":{"self":[{"href":"https:\/\/gundem59.com.tr\/index.php?rest_route=\/wp\/v2\/posts\/2210","targetHints":{"allow":["GET"]}}],"collection":[{"href":"https:\/\/gundem59.com.tr\/index.php?rest_route=\/wp\/v2\/posts"}],"about":[{"href":"https:\/\/gundem59.com.tr\/index.php?rest_route=\/wp\/v2\/types\/post"}],"author":[{"embeddable":true,"href":"https:\/\/gundem59.com.tr\/index.php?rest_route=\/wp\/v2\/users\/1"}],"replies":[{"embeddable":true,"href":"https:\/\/gundem59.com.tr\/index.php?rest_route=%2Fwp%2Fv2%2Fcomments&post=2210"}],"version-history":[{"count":1,"href":"https:\/\/gundem59.com.tr\/index.php?rest_route=\/wp\/v2\/posts\/2210\/revisions"}],"predecessor-version":[{"id":2212,"href":"https:\/\/gundem59.com.tr\/index.php?rest_route=\/wp\/v2\/posts\/2210\/revisions\/2212"}],"wp:featuredmedia":[{"embeddable":true,"href":"https:\/\/gundem59.com.tr\/index.php?rest_route=\/wp\/v2\/media\/2211"}],"wp:attachment":[{"href":"https:\/\/gundem59.com.tr\/index.php?rest_route=%2Fwp%2Fv2%2Fmedia&parent=2210"}],"wp:term":[{"taxonomy":"category","embeddable":true,"href":"https:\/\/gundem59.com.tr\/index.php?rest_route=%2Fwp%2Fv2%2Fcategories&post=2210"},{"taxonomy":"post_tag","embeddable":true,"href":"https:\/\/gundem59.com.tr\/index.php?rest_route=%2Fwp%2Fv2%2Ftags&post=2210"},{"taxonomy":"author","embeddable":true,"href":"https:\/\/gundem59.com.tr\/index.php?rest_route=%2Fwp%2Fv2%2Fppma_author&post=2210"}],"curies":[{"name":"wp","href":"https:\/\/api.w.org\/{rel}","templated":true}]}}