{"id":2201,"date":"2026-06-20T12:14:32","date_gmt":"2026-06-20T12:14:32","guid":{"rendered":"https:\/\/gundem59.com.tr\/?p=2201"},"modified":"2026-06-20T12:14:33","modified_gmt":"2026-06-20T12:14:33","slug":"egitim-ve-isbirligi-etkinlikleri-tekirdagda","status":"publish","type":"post","link":"https:\/\/gundem59.com.tr\/?p=2201","title":{"rendered":"E\u011fitim ve \u0130\u015fbirli\u011fi Etkinlikleri Tekirda\u011f&#8217;da"},"content":{"rendered":"\n<p class=\"wp-block-paragraph\">Tekirda\u011f&#8217;da m\u00fcft\u00fcyle vergi mahkemesi ba\u015fkan\u0131 ziyareti yap\u0131ld\u0131, mezuniyet programlar\u0131 d\u00fczenlendi.<\/p>\n\n\n\n<p class=\"wp-block-paragraph\"><a href=\"https:\/\/www.sondakika.com\/tekirdag\/\">Tekirda\u011f<\/a>&nbsp;Vergi Mahkemesi Ba\u015fkan\u0131 Halil G\u00fcnd\u00fcz, \u0130l M\u00fcft\u00fcs\u00fc&nbsp;<a href=\"https:\/\/www.sondakika.com\/mustafa-bilgic\/\">Mustafa Bilgi\u00e7<\/a>&#8216;i ziyaret etti.<\/p>\n\n\n\n<p class=\"wp-block-paragraph\">\u0130l M\u00fcft\u00fcl\u00fc\u011f\u00fcnden yap\u0131lan a\u00e7\u0131klamaya g\u00f6re, G\u00fcnd\u00fcz, m\u00fcft\u00fcl\u00fck makam\u0131nda Bilgi\u00e7 ile bir araya geldi.<\/p>\n\n\n\n<p class=\"wp-block-paragraph\">Ziyarette, kurumlar aras\u0131 i\u015f birli\u011fine ili\u015fkin de\u011ferlendirmelerde bulunuldu.<\/p>\n\n\n\n<p class=\"wp-block-paragraph\">Bilgi\u00e7, ziyaretten duydu\u011fu memnuniyeti dile getirerek G\u00fcnd\u00fcz&#8217;e te\u015fekk\u00fcr etti.<\/p>\n\n\n\n<p class=\"wp-block-paragraph\"><a href=\"https:\/\/www.sondakika.com\/huseyin-pehlivan\/\">H\u00fcseyin Pehlivan<\/a>&nbsp;\u0130lkokulu \u00f6\u011frencilerinden halk oyunlar\u0131 g\u00f6sterisi<\/p>\n\n\n\n<p class=\"wp-block-paragraph\">H\u00fcseyin Pehlivan \u0130lkokulu taraf\u0131ndan d\u00fczenlenen &#8220;Maarifin Kalbinde \u00c7ocuk&#8221; etkinli\u011fi kapsam\u0131nda 4. s\u0131n\u0131f \u00f6\u011frencileri halk oyunlar\u0131 g\u00f6sterisi sundu.<\/p>\n\n\n\n<p class=\"wp-block-paragraph\">Sahil Dolgu Alan\u0131 Amfi Tiyatrosu&#8217;nda ger\u00e7ekle\u015ftirilen program, Okul M\u00fcd\u00fcr\u00fc Serkan Komit&#8217;in a\u00e7\u0131l\u0131\u015f konu\u015fmas\u0131yla ba\u015flad\u0131.<\/p>\n\n\n\n<p class=\"wp-block-paragraph\">Etkinlikte sahne alan \u00f6\u011frenciler, \u00e7e\u015fitli y\u00f6relere ait halk oyunlar\u0131n\u0131 sergiledi. G\u00f6steriler, izleyicilerden alk\u0131\u015f ald\u0131.<\/p>\n\n\n\n<p class=\"wp-block-paragraph\">Programa, \u0130l Milli&nbsp;<a href=\"https:\/\/www.sondakika.com\/egitim\/\">E\u011fitim<\/a>&nbsp;M\u00fcd\u00fcr\u00fc Abd\u00fclaziz Yeniyol, S\u00fcleymanpa\u015fa Kaymakam\u0131 Mahmut Nedim Tun\u00e7er, S\u00fcleymanpa\u015fa \u0130l\u00e7e Gen\u00e7lik ve&nbsp;<a href=\"https:\/\/www.sondakika.com\/Spor\/\">Spor<\/a>&nbsp;M\u00fcd\u00fcr\u00fc H\u00fcseyin Mutlu, kurum m\u00fcd\u00fcrleri ve veliler kat\u0131ld\u0131.<\/p>\n\n\n\n<p class=\"wp-block-paragraph\">Trakya Anadolu \u0130mam Hatip Lisesi Ortaokulu&#8217;nda program\u0131 d\u00fczenlendi<\/p>\n\n\n\n<p class=\"wp-block-paragraph\">Trakya Anadolu \u0130mam Hatip Lisesi Ortaokul B\u00f6l\u00fcm\u00fc \u00f6\u011frencileri i\u00e7in mezuniyet program\u0131 d\u00fczenlendi.<\/p>\n\n\n\n<p class=\"wp-block-paragraph\">Canl\u0131 m\u00fczik dinletisiyle ba\u015flayan program, sayg\u0131 duru\u015fu ve \u0130stiklal Mar\u015f\u0131&#8217;n\u0131n okunmas\u0131n\u0131n ard\u0131ndan Kur&#8217;an-\u0131 Kerim tilavetiyle devam etti.<\/p>\n\n\n\n<p class=\"wp-block-paragraph\">Okul M\u00fcd\u00fcr\u00fc C\u00fcneyt \u00d6zvardarl\u0131, burada yapt\u0131\u011f\u0131 konu\u015fmada, \u00f6\u011frencilerin e\u011fitim s\u00fcrecinde eme\u011fi bulunan \u00f6\u011fretmenlere ve ailelere te\u015fekk\u00fcr ederek mezun olan \u00f6\u011frencilere ba\u015far\u0131 dile\u011finde bulundu.<\/p>\n\n\n\n<p class=\"wp-block-paragraph\">\u0130l Milli E\u011fitim M\u00fcd\u00fcr\u00fc Abd\u00fclaziz Yeniyol da \u00f6\u011frencilerin akademik ba\u015far\u0131lar\u0131n\u0131n yan\u0131 s\u0131ra milli, manevi ve ahlaki de\u011ferlerle yeti\u015fmelerinin \u00f6nemli oldu\u011funu belirtti.<\/p>\n\n\n\n<p class=\"wp-block-paragraph\">Programda dereceye giren \u00f6\u011frencilere belge ve plaketleri verildi.<\/p>\n\n\n\n<p class=\"wp-block-paragraph\">Okul birincisinin konu\u015fmas\u0131n\u0131n ard\u0131ndan mezuniyet pastas\u0131 kesildi ve \u00f6\u011frenciler kep atarak mezuniyet sevinci ya\u015fad\u0131.<\/p>\n","protected":false},"excerpt":{"rendered":"<p>Tekirda\u011f&#8217;da m\u00fcft\u00fcyle vergi mahkemesi ba\u015fkan\u0131 ziyareti yap\u0131ld\u0131, mezuniyet programlar\u0131 d\u00fczenlendi. Tekirda\u011f&nbsp;Vergi Mahkemesi Ba\u015fkan\u0131 Halil G\u00fcnd\u00fcz,&#8230;<\/p>\n","protected":false},"author":1,"featured_media":2202,"comment_status":"closed","ping_status":"closed","sticky":false,"template":"","format":"standard","meta":{"footnotes":""},"categories":[1],"tags":[],"ppma_author":[57],"class_list":["post-2201","post","type-post","status-publish","format-standard","has-post-thumbnail","hentry","category-tekirdag-gundemi"],"authors":[{"term_id":57,"user_id":1,"is_guest":0,"slug":"admin","display_name":"Alp Aslan","avatar_url":"https:\/\/secure.gravatar.com\/avatar\/07c18c5ad3350b025db8f3328450e071acb435c703e565899c880c63362f137a?s=96&d=mm&r=g","author_category":"1","first_name":"Alp Aslan","last_name":"ER\u0130N","user_url":"http:\/\/www.gundem59.com.tr","job_title":"","description":""}],"_links":{"self":[{"href":"https:\/\/gundem59.com.tr\/index.php?rest_route=\/wp\/v2\/posts\/2201","targetHints":{"allow":["GET"]}}],"collection":[{"href":"https:\/\/gundem59.com.tr\/index.php?rest_route=\/wp\/v2\/posts"}],"about":[{"href":"https:\/\/gundem59.com.tr\/index.php?rest_route=\/wp\/v2\/types\/post"}],"author":[{"embeddable":true,"href":"https:\/\/gundem59.com.tr\/index.php?rest_route=\/wp\/v2\/users\/1"}],"replies":[{"embeddable":true,"href":"https:\/\/gundem59.com.tr\/index.php?rest_route=%2Fwp%2Fv2%2Fcomments&post=2201"}],"version-history":[{"count":1,"href":"https:\/\/gundem59.com.tr\/index.php?rest_route=\/wp\/v2\/posts\/2201\/revisions"}],"predecessor-version":[{"id":2203,"href":"https:\/\/gundem59.com.tr\/index.php?rest_route=\/wp\/v2\/posts\/2201\/revisions\/2203"}],"wp:featuredmedia":[{"embeddable":true,"href":"https:\/\/gundem59.com.tr\/index.php?rest_route=\/wp\/v2\/media\/2202"}],"wp:attachment":[{"href":"https:\/\/gundem59.com.tr\/index.php?rest_route=%2Fwp%2Fv2%2Fmedia&parent=2201"}],"wp:term":[{"taxonomy":"category","embeddable":true,"href":"https:\/\/gundem59.com.tr\/index.php?rest_route=%2Fwp%2Fv2%2Fcategories&post=2201"},{"taxonomy":"post_tag","embeddable":true,"href":"https:\/\/gundem59.com.tr\/index.php?rest_route=%2Fwp%2Fv2%2Ftags&post=2201"},{"taxonomy":"author","embeddable":true,"href":"https:\/\/gundem59.com.tr\/index.php?rest_route=%2Fwp%2Fv2%2Fppma_author&post=2201"}],"curies":[{"name":"wp","href":"https:\/\/api.w.org\/{rel}","templated":true}]}}