{"id":2198,"date":"2026-06-20T12:12:33","date_gmt":"2026-06-20T12:12:33","guid":{"rendered":"https:\/\/gundem59.com.tr\/?p=2198"},"modified":"2026-06-20T12:12:33","modified_gmt":"2026-06-20T12:12:33","slug":"kibris-gazisi-ibrahim-bahceli-son-yolculuguna-ugurlandi","status":"publish","type":"post","link":"https:\/\/gundem59.com.tr\/?p=2198","title":{"rendered":"K\u0131br\u0131s Gazisi \u0130brahim Bah\u00e7eli Son Yolculu\u011funa U\u011furland\u0131"},"content":{"rendered":"\n<p class=\"wp-block-paragraph\">Tekirda\u011f&#8217;da hayat\u0131n\u0131 kaybeden K\u0131br\u0131s gazisi \u0130brahim Bah\u00e7eli&#8217;nin cenazesi topra\u011fa verildi.<\/p>\n\n\n\n<p class=\"wp-block-paragraph\"><a href=\"https:\/\/www.sondakika.com\/tekirdag\/\">Tekirda\u011f<\/a>&#8216;da ya\u015fam\u0131n\u0131 yitiren&nbsp;<a href=\"https:\/\/www.sondakika.com\/kibris\/\">K\u0131br\u0131s<\/a>&nbsp;gazisi \u0130brahim Bah\u00e7eli&#8217;nin cenazesi topra\u011fa verildi.<\/p>\n\n\n\n<p class=\"wp-block-paragraph\">Valilikten yap\u0131lan a\u00e7\u0131klamaya g\u00f6re, hayat\u0131n\u0131 kaybeden Bah\u00e7eli&#8217;nin cenazesi Softao\u011flu Cami&#8217;ne getirildi.<\/p>\n\n\n\n<p class=\"wp-block-paragraph\">Vefat eden gazinin yak\u0131nlar\u0131 taziyeleri kabul etti.<\/p>\n\n\n\n<p class=\"wp-block-paragraph\">T\u00f6rene kat\u0131lan Tekirda\u011f Valisi Recep Soyt\u00fcrk, merhum gaziye Allah&#8217;tan rahmet dileyerek ailesine ve yak\u0131nlar\u0131na ba\u015fsa\u011fl\u0131\u011f\u0131 temennisinde bulundu.<\/p>\n\n\n\n<p class=\"wp-block-paragraph\">Cenaze t\u00f6renine Garnizon Komutan Vekili Yarbay Emre Kaya, S\u00fcleymanpa\u015fa Kaymakam\u0131 Mahmut Nedim Tun\u00e7er, \u0130l Emniyet M\u00fcd\u00fcr\u00fc Ahmet Metin Turanl\u0131, \u0130l Jandarma Komutan\u0131 Jandarma Albay Ali G\u00fcng\u00f6r, Sahil G\u00fcvenlik Karakol Komutan Vekili \u00dcste\u011fmen R\u0131dvan Ate\u015f, T\u00fcrkiye Muharip Gaziler Derne\u011fi Tekirda\u011f \u015eube Ba\u015fkan\u0131 Ali R\u0131za A\u00e7\u0131kg\u00f6z, gaziler ile vatanda\u015flar kat\u0131ld\u0131.<\/p>\n","protected":false},"excerpt":{"rendered":"<p>Tekirda\u011f&#8217;da hayat\u0131n\u0131 kaybeden K\u0131br\u0131s gazisi \u0130brahim Bah\u00e7eli&#8217;nin cenazesi topra\u011fa verildi. Tekirda\u011f&#8216;da ya\u015fam\u0131n\u0131 yitiren&nbsp;K\u0131br\u0131s&nbsp;gazisi \u0130brahim Bah\u00e7eli&#8217;nin&#8230;<\/p>\n","protected":false},"author":1,"featured_media":2199,"comment_status":"closed","ping_status":"closed","sticky":false,"template":"","format":"standard","meta":{"footnotes":""},"categories":[1],"tags":[],"ppma_author":[57],"class_list":["post-2198","post","type-post","status-publish","format-standard","has-post-thumbnail","hentry","category-tekirdag-gundemi"],"authors":[{"term_id":57,"user_id":1,"is_guest":0,"slug":"admin","display_name":"Alp Aslan","avatar_url":"https:\/\/secure.gravatar.com\/avatar\/07c18c5ad3350b025db8f3328450e071acb435c703e565899c880c63362f137a?s=96&d=mm&r=g","author_category":"1","first_name":"Alp Aslan","last_name":"ER\u0130N","user_url":"http:\/\/www.gundem59.com.tr","job_title":"","description":""}],"_links":{"self":[{"href":"https:\/\/gundem59.com.tr\/index.php?rest_route=\/wp\/v2\/posts\/2198","targetHints":{"allow":["GET"]}}],"collection":[{"href":"https:\/\/gundem59.com.tr\/index.php?rest_route=\/wp\/v2\/posts"}],"about":[{"href":"https:\/\/gundem59.com.tr\/index.php?rest_route=\/wp\/v2\/types\/post"}],"author":[{"embeddable":true,"href":"https:\/\/gundem59.com.tr\/index.php?rest_route=\/wp\/v2\/users\/1"}],"replies":[{"embeddable":true,"href":"https:\/\/gundem59.com.tr\/index.php?rest_route=%2Fwp%2Fv2%2Fcomments&post=2198"}],"version-history":[{"count":1,"href":"https:\/\/gundem59.com.tr\/index.php?rest_route=\/wp\/v2\/posts\/2198\/revisions"}],"predecessor-version":[{"id":2200,"href":"https:\/\/gundem59.com.tr\/index.php?rest_route=\/wp\/v2\/posts\/2198\/revisions\/2200"}],"wp:featuredmedia":[{"embeddable":true,"href":"https:\/\/gundem59.com.tr\/index.php?rest_route=\/wp\/v2\/media\/2199"}],"wp:attachment":[{"href":"https:\/\/gundem59.com.tr\/index.php?rest_route=%2Fwp%2Fv2%2Fmedia&parent=2198"}],"wp:term":[{"taxonomy":"category","embeddable":true,"href":"https:\/\/gundem59.com.tr\/index.php?rest_route=%2Fwp%2Fv2%2Fcategories&post=2198"},{"taxonomy":"post_tag","embeddable":true,"href":"https:\/\/gundem59.com.tr\/index.php?rest_route=%2Fwp%2Fv2%2Ftags&post=2198"},{"taxonomy":"author","embeddable":true,"href":"https:\/\/gundem59.com.tr\/index.php?rest_route=%2Fwp%2Fv2%2Fppma_author&post=2198"}],"curies":[{"name":"wp","href":"https:\/\/api.w.org\/{rel}","templated":true}]}}