{"id":2195,"date":"2026-06-20T12:10:37","date_gmt":"2026-06-20T12:10:37","guid":{"rendered":"https:\/\/gundem59.com.tr\/?p=2195"},"modified":"2026-06-20T12:10:37","modified_gmt":"2026-06-20T12:10:37","slug":"tekirdagdaki-lavanta-bahceleri-ziyaretcileri-agirliyor","status":"publish","type":"post","link":"https:\/\/gundem59.com.tr\/?p=2195","title":{"rendered":"Tekirda\u011f&#8217;daki Lavanta Bah\u00e7eleri Ziyaret\u00e7ileri A\u011f\u0131rl\u0131yor"},"content":{"rendered":"\n<p class=\"wp-block-paragraph\">Tekirda\u011f&#8217;daki lavanta bah\u00e7eleri, do\u011faseverlere g\u00f6rsel \u015f\u00f6len sunarak turizme katk\u0131 sa\u011fl\u0131yor.<\/p>\n\n\n\n<p class=\"wp-block-paragraph\"><a href=\"https:\/\/www.sondakika.com\/tekirdag\/\">Tekirda\u011f<\/a>&#8216;da \u00e7i\u00e7ek a\u00e7an lavantalar, mor renge b\u00fcr\u00fcd\u00fckleri bah\u00e7eleriyle ilgi \u00e7ekiyor.<\/p>\n\n\n\n<p class=\"wp-block-paragraph\">Kentin \u00e7e\u015fitli b\u00f6lgelerindeki lavanta bah\u00e7eleri, \u00f6zellikle hafta sonlar\u0131nda do\u011faseverleri a\u011f\u0131rl\u0131yor.<\/p>\n\n\n\n<p class=\"wp-block-paragraph\">\u0130stanbul ba\u015fta olmak \u00fczere \u00e7evre illerden gelen ziyaret\u00e7iler, ho\u015f kokusu ve g\u00f6rsel g\u00fczelli\u011fiyle dikkat \u00e7eken tarlalarda vakit ge\u00e7iriyor.<\/p>\n\n\n\n<p class=\"wp-block-paragraph\">Mor tonlar\u0131n hakim oldu\u011fu lavanta bah\u00e7elerinde kurulan dekoratif alanlarda foto\u011fraf \u00e7ektiren ziyaret\u00e7iler, do\u011fayla i\u00e7 i\u00e7e keyifli anlar ya\u015f\u0131yor.<\/p>\n\n\n\n<p class=\"wp-block-paragraph\">Lavanta s\u0131ralar\u0131 aras\u0131nda y\u00fcr\u00fcy\u00fc\u015f yapan ziyaret\u00e7iler, e\u015fsiz manzaray\u0131 cep telefonu ve foto\u011fraf makineleriyle \u00f6l\u00fcms\u00fczle\u015ftiriyor.<\/p>\n\n\n\n<p class=\"wp-block-paragraph\">&#8220;Lavanta tarlalar\u0131m\u0131z kentin turizmine katk\u0131 sa\u011fl\u0131yor&#8221;<\/p>\n\n\n\n<p class=\"wp-block-paragraph\">Tarla sahibi Hakan Turgut, AA muhabirine, lavanta sezonunun ba\u015flamas\u0131yla b\u00f6lgedeki bah\u00e7elerde ziyaret\u00e7i yo\u011funlu\u011funun ya\u015fand\u0131\u011f\u0131n\u0131 s\u00f6yledi.<\/p>\n\n\n\n<p class=\"wp-block-paragraph\">Lavanta bah\u00e7esini birbirinden farkl\u0131 dekorasyonlarla s\u00fcslediklerini dile getiren Turgut, &#8220;Misafirler gelip birbirinden g\u00fczel foto\u011fraflar \u00e7ekilip an\u0131 biriktiriyorlar. Lavantal\u0131 dondurma, lavantal\u0131 gazoz i\u00e7ip burada serinleyip e\u015fsiz manzara e\u015fli\u011finde vakit ge\u00e7iriyorlar. Lavanta tarlalar\u0131m\u0131z kentin turizmine katk\u0131 sa\u011fl\u0131yor. Haziran\u0131n 15&#8217;inde ba\u015flayan lavanta sezonu, temmuzun 10&#8217;u ya da 15&#8217;ine kadar devam ediyor.&#8221; dedi.<\/p>\n\n\n\n<p class=\"wp-block-paragraph\">Mehmet Demirta\u015f da ailesiyle tarlay\u0131 gezmeye geldi\u011fini ifade etti.<\/p>\n\n\n\n<p class=\"wp-block-paragraph\">Lavanta tarlas\u0131n\u0131n huzur verdi\u011fini belirten Demirta\u015f, &#8220;\u00c7ocuklarla birlikte, ailecek geldik. Herkesin gelip g\u00f6rmesi gereken bir yer. Ger\u00e7ekten \u00e7ok memnun kald\u0131k. Yapanlar\u0131n emeklerine sa\u011fl\u0131k. Do\u011fas\u0131, manzaras\u0131 \u00e7ok g\u00fczel. Lavanta, zaten muhte\u015fem kokuyor. Herkesi bekleriz buraya.&#8221; diye konu\u015ftu.<\/p>\n","protected":false},"excerpt":{"rendered":"<p>Tekirda\u011f&#8217;daki lavanta bah\u00e7eleri, do\u011faseverlere g\u00f6rsel \u015f\u00f6len sunarak turizme katk\u0131 sa\u011fl\u0131yor. Tekirda\u011f&#8216;da \u00e7i\u00e7ek a\u00e7an lavantalar, mor&#8230;<\/p>\n","protected":false},"author":1,"featured_media":2196,"comment_status":"closed","ping_status":"closed","sticky":false,"template":"","format":"standard","meta":{"footnotes":""},"categories":[29],"tags":[],"ppma_author":[57],"class_list":["post-2195","post","type-post","status-publish","format-standard","has-post-thumbnail","hentry","category-gundem"],"authors":[{"term_id":57,"user_id":1,"is_guest":0,"slug":"admin","display_name":"Alp Aslan","avatar_url":"https:\/\/secure.gravatar.com\/avatar\/07c18c5ad3350b025db8f3328450e071acb435c703e565899c880c63362f137a?s=96&d=mm&r=g","author_category":"1","first_name":"Alp Aslan","last_name":"ER\u0130N","user_url":"http:\/\/www.gundem59.com.tr","job_title":"","description":""}],"_links":{"self":[{"href":"https:\/\/gundem59.com.tr\/index.php?rest_route=\/wp\/v2\/posts\/2195","targetHints":{"allow":["GET"]}}],"collection":[{"href":"https:\/\/gundem59.com.tr\/index.php?rest_route=\/wp\/v2\/posts"}],"about":[{"href":"https:\/\/gundem59.com.tr\/index.php?rest_route=\/wp\/v2\/types\/post"}],"author":[{"embeddable":true,"href":"https:\/\/gundem59.com.tr\/index.php?rest_route=\/wp\/v2\/users\/1"}],"replies":[{"embeddable":true,"href":"https:\/\/gundem59.com.tr\/index.php?rest_route=%2Fwp%2Fv2%2Fcomments&post=2195"}],"version-history":[{"count":1,"href":"https:\/\/gundem59.com.tr\/index.php?rest_route=\/wp\/v2\/posts\/2195\/revisions"}],"predecessor-version":[{"id":2197,"href":"https:\/\/gundem59.com.tr\/index.php?rest_route=\/wp\/v2\/posts\/2195\/revisions\/2197"}],"wp:featuredmedia":[{"embeddable":true,"href":"https:\/\/gundem59.com.tr\/index.php?rest_route=\/wp\/v2\/media\/2196"}],"wp:attachment":[{"href":"https:\/\/gundem59.com.tr\/index.php?rest_route=%2Fwp%2Fv2%2Fmedia&parent=2195"}],"wp:term":[{"taxonomy":"category","embeddable":true,"href":"https:\/\/gundem59.com.tr\/index.php?rest_route=%2Fwp%2Fv2%2Fcategories&post=2195"},{"taxonomy":"post_tag","embeddable":true,"href":"https:\/\/gundem59.com.tr\/index.php?rest_route=%2Fwp%2Fv2%2Ftags&post=2195"},{"taxonomy":"author","embeddable":true,"href":"https:\/\/gundem59.com.tr\/index.php?rest_route=%2Fwp%2Fv2%2Fppma_author&post=2195"}],"curies":[{"name":"wp","href":"https:\/\/api.w.org\/{rel}","templated":true}]}}