{"id":2192,"date":"2026-06-20T11:29:21","date_gmt":"2026-06-20T11:29:21","guid":{"rendered":"https:\/\/gundem59.com.tr\/?p=2192"},"modified":"2026-06-20T11:29:21","modified_gmt":"2026-06-20T11:29:21","slug":"tekirdagda-turk-musikisi-ruzgari-esti-bir-gonul-yolculugu-sanatseverlerle-bulustu","status":"publish","type":"post","link":"https:\/\/gundem59.com.tr\/?p=2192","title":{"rendered":"Tekirda\u011f&#8217;da T\u00fcrk musikisi r\u00fczgar\u0131 esti: &#8220;Bir G\u00f6n\u00fcl Yolculu\u011fu&#8221; sanatseverlerle bulu\u015ftu"},"content":{"rendered":"\n<p class=\"wp-block-paragraph\">Tekirda\u011f&#8217;da d\u00fczenlenen &#8216;G\u00fcfteler ve Bestelerle Bir G\u00f6n\u00fcl Yolculu\u011fu&#8217; konseri, T\u00fcrk musikisinin se\u00e7kin eserlerini sanatseverlerle bulu\u015fturdu. Yo\u011fun kat\u0131l\u0131mla ger\u00e7ekle\u015fen gecede \u00fcnl\u00fc bestekarlar\u0131n eserleri seslendirildi.<\/p>\n\n\n\n<p class=\"wp-block-paragraph\"><a href=\"https:\/\/www.sondakika.com\/tekirdag\/\">Tekirda\u011f<\/a>&#8216;da d\u00fczenlenen &#8220;G\u00fcfteler ve Bestelerle Bir G\u00f6n\u00fcl Yolculu\u011fu&#8221; konseri, T\u00fcrk musikisinin se\u00e7kin eserlerini sanatseverlerle bulu\u015fturdu.<\/p>\n\n\n\n<p class=\"wp-block-paragraph\">Yahya Kemal Beyatl\u0131&nbsp;<a href=\"https:\/\/www.sondakika.com\/kultur\/\">K\u00fclt\u00fcr<\/a>&nbsp;Merkezi&#8217;nde ger\u00e7ekle\u015ftirilen konser, yo\u011fun kat\u0131l\u0131mla ve b\u00fcy\u00fck be\u011feniyle takip edildi. K\u00fclt\u00fcr ve Turizm Bakanl\u0131\u011f\u0131, Tekirda\u011f B\u00fcy\u00fck\u015fehir Belediyesi destekleriyle d\u00fczenlenen gecede, g\u00fcfteleriyle tan\u0131nan Sedai Kavr\u0131k ile T\u00fcrk musikisinin ya\u015fayan \u00f6nemli bestekarlar\u0131ndan Amir Ate\u015f&#8217;in eserleri seslendirildi. Musiki tutkunlar\u0131n\u0131n ilgi g\u00f6sterdi\u011fi programda, duygu y\u00fckl\u00fc eserler izleyicilere unutulmaz anlar ya\u015fatt\u0131. \u015eefli\u011fini Y\u0131ld\u0131ray \u00d6zt\u00fcrk&#8217;\u00fcn yapt\u0131\u011f\u0131 konserin sunuculu\u011funu Buket Ataseven \u00fcstlenirken, sanat\u00e7\u0131lar birbirinden de\u011ferli eserleri seslendirdi. Konser kapsam\u0131nda T\u00fcrk musikisinin \u00f6nemli isimlerinden Amir Ate\u015f, Ayd\u0131n Tekindor, Fehmi Altunay, Veysel Yalva\u00e7 ve Serdar Gelge\u00e7 de konuk bestekar olarak programa kat\u0131ld\u0131. Sanatseverler, T\u00fcrk musikisinin klasikle\u015fmi\u015f eserleri ile yeni bestelerden olu\u015fan repertuvar\u0131 ilgiyle dinledi.<\/p>\n\n\n\n<p class=\"wp-block-paragraph\">Yakla\u015f\u0131k iki saat s\u00fcren konser boyunca salonda zaman zaman eserlere e\u015flik eden izleyiciler, sanat\u00e7\u0131lara alk\u0131\u015flarla destek verdi. Program sonunda sahne alan sanat\u00e7\u0131lar uzun s\u00fcre ayakta alk\u0131\u015flan\u0131rken, kat\u0131l\u0131mc\u0131lar b\u00f6ylesine anlaml\u0131 bir organizasyona ev sahipli\u011fi yap\u0131lmas\u0131ndan duyduklar\u0131 memnuniyeti dile getirdi. Tekirda\u011f&#8217;da k\u00fclt\u00fcr ve sanat etkinliklerinin \u00f6nemine dikkat \u00e7ekilen gecede, T\u00fcrk musikisinin ya\u015fayan de\u011ferlerinin eserlerinin yeni ku\u015faklara aktar\u0131lmas\u0131n\u0131n \u00f6nemine vurgu yap\u0131ld\u0131.<\/p>\n\n\n\n<p class=\"wp-block-paragraph\">Etkinli\u011fe Tekirda\u011f Milletvekili Nurten Yontar, Tekirda\u011f M\u00fcze M\u00fcd\u00fcr\u00fc Abd\u00fclgani Tarkan, \u00e7ok say\u0131da protokol \u00fcyesi ve sanatsever kat\u0131ld\u0131.<\/p>\n","protected":false},"excerpt":{"rendered":"<p>Tekirda\u011f&#8217;da d\u00fczenlenen &#8216;G\u00fcfteler ve Bestelerle Bir G\u00f6n\u00fcl Yolculu\u011fu&#8217; konseri, T\u00fcrk musikisinin se\u00e7kin eserlerini sanatseverlerle bulu\u015fturdu&#8230;.<\/p>\n","protected":false},"author":1,"featured_media":2193,"comment_status":"closed","ping_status":"closed","sticky":false,"template":"","format":"standard","meta":{"footnotes":""},"categories":[50],"tags":[],"ppma_author":[57],"class_list":["post-2192","post","type-post","status-publish","format-standard","has-post-thumbnail","hentry","category-kultur-ve-sanat"],"authors":[{"term_id":57,"user_id":1,"is_guest":0,"slug":"admin","display_name":"Alp Aslan","avatar_url":"https:\/\/secure.gravatar.com\/avatar\/07c18c5ad3350b025db8f3328450e071acb435c703e565899c880c63362f137a?s=96&d=mm&r=g","author_category":"1","first_name":"Alp Aslan","last_name":"ER\u0130N","user_url":"http:\/\/www.gundem59.com.tr","job_title":"","description":""}],"_links":{"self":[{"href":"https:\/\/gundem59.com.tr\/index.php?rest_route=\/wp\/v2\/posts\/2192","targetHints":{"allow":["GET"]}}],"collection":[{"href":"https:\/\/gundem59.com.tr\/index.php?rest_route=\/wp\/v2\/posts"}],"about":[{"href":"https:\/\/gundem59.com.tr\/index.php?rest_route=\/wp\/v2\/types\/post"}],"author":[{"embeddable":true,"href":"https:\/\/gundem59.com.tr\/index.php?rest_route=\/wp\/v2\/users\/1"}],"replies":[{"embeddable":true,"href":"https:\/\/gundem59.com.tr\/index.php?rest_route=%2Fwp%2Fv2%2Fcomments&post=2192"}],"version-history":[{"count":1,"href":"https:\/\/gundem59.com.tr\/index.php?rest_route=\/wp\/v2\/posts\/2192\/revisions"}],"predecessor-version":[{"id":2194,"href":"https:\/\/gundem59.com.tr\/index.php?rest_route=\/wp\/v2\/posts\/2192\/revisions\/2194"}],"wp:featuredmedia":[{"embeddable":true,"href":"https:\/\/gundem59.com.tr\/index.php?rest_route=\/wp\/v2\/media\/2193"}],"wp:attachment":[{"href":"https:\/\/gundem59.com.tr\/index.php?rest_route=%2Fwp%2Fv2%2Fmedia&parent=2192"}],"wp:term":[{"taxonomy":"category","embeddable":true,"href":"https:\/\/gundem59.com.tr\/index.php?rest_route=%2Fwp%2Fv2%2Fcategories&post=2192"},{"taxonomy":"post_tag","embeddable":true,"href":"https:\/\/gundem59.com.tr\/index.php?rest_route=%2Fwp%2Fv2%2Ftags&post=2192"},{"taxonomy":"author","embeddable":true,"href":"https:\/\/gundem59.com.tr\/index.php?rest_route=%2Fwp%2Fv2%2Fppma_author&post=2192"}],"curies":[{"name":"wp","href":"https:\/\/api.w.org\/{rel}","templated":true}]}}