{"id":2183,"date":"2026-06-20T11:20:28","date_gmt":"2026-06-20T11:20:28","guid":{"rendered":"https:\/\/gundem59.com.tr\/?p=2183"},"modified":"2026-06-20T11:20:28","modified_gmt":"2026-06-20T11:20:28","slug":"tekirdagda-il-hayvanlari-koruma-kurulu-toplandi-sahipsiz-hayvanlara-yonelik-calismalar-masaya-yatirildi","status":"publish","type":"post","link":"https:\/\/gundem59.com.tr\/?p=2183","title":{"rendered":"Tekirda\u011f&#8217;da &#8216;\u0130l Hayvanlar\u0131 Koruma Kurulu&#8217; topland\u0131: Sahipsiz hayvanlara y\u00f6nelik \u00e7al\u0131\u015fmalar masaya yat\u0131r\u0131ld\u0131"},"content":{"rendered":"\n<p class=\"wp-block-paragraph\">Tekirda\u011f&#8217;da sahipsiz sokak hayvanlar\u0131n\u0131n korunmas\u0131, rehabilitasyonu ve k\u0131s\u0131rla\u015ft\u0131r\u0131lmas\u0131 amac\u0131yla \u0130l Hayvanlar\u0131 Koruma Kurulu toplant\u0131s\u0131 yap\u0131ld\u0131. Toplant\u0131da yerel y\u00f6netimlerin sorumluluklar\u0131 ve kurumlar aras\u0131 i\u015f birli\u011fi ele al\u0131nd\u0131.<\/p>\n\n\n\n<p class=\"wp-block-paragraph\"><a href=\"https:\/\/www.sondakika.com\/tekirdag\/\">Tekirda\u011f<\/a>&#8216;da sahipsiz sokak hayvanlar\u0131na y\u00f6nelik y\u00fcr\u00fct\u00fclen \u00e7al\u0131\u015fmalar\u0131n de\u011ferlendirilmesi amac\u0131yla \u0130l Hayvanlar\u0131 Koruma Kurulu Toplant\u0131s\u0131 ger\u00e7ekle\u015ftirildi.<\/p>\n\n\n\n<p class=\"wp-block-paragraph\">Toplant\u0131da, ilgili mevzuat kapsam\u0131nda yerel y\u00f6netimlerin hayvan bak\u0131mevi ve do\u011fal ya\u015fam alan\u0131 olu\u015fturma \u00e7al\u0131\u015fmalar\u0131 ile mevcut kapasiteleri ele al\u0131nd\u0131. Belediyeler taraf\u0131ndan sahipsiz sokak hayvanlar\u0131na y\u00f6nelik y\u00fcr\u00fct\u00fclen ve planlanan \u00e7al\u0131\u015fmalar, k\u0131s\u0131rla\u015ft\u0131rma faaliyetleri ile kurumlar aras\u0131 koordinasyon gerektiren konular de\u011ferlendirildi.<\/p>\n\n\n\n<p class=\"wp-block-paragraph\">Sahipsiz hayvanlar\u0131n korunmas\u0131, rehabilitasyonu ve ya\u015fam \u015fartlar\u0131n\u0131n iyile\u015ftirilmesine y\u00f6nelik yap\u0131lacak \u00e7al\u0131\u015fmalar\u0131n g\u00f6r\u00fc\u015f\u00fcld\u00fc\u011f\u00fc toplant\u0131da, yerel y\u00f6netimlerin sorumluluklar\u0131 kapsam\u0131nda at\u0131lacak ad\u0131mlar ve i\u015f birli\u011fi imkanlar\u0131 da masaya yat\u0131r\u0131ld\u0131.<\/p>\n\n\n\n<p class=\"wp-block-paragraph\">Yetkililer, sahipsiz hayvanlar\u0131n kontrol alt\u0131na al\u0131nmas\u0131, k\u0131s\u0131rla\u015ft\u0131r\u0131lmas\u0131, rehabilitasyonu ve uygun ya\u015fam alanlar\u0131na kavu\u015fturulmas\u0131 noktas\u0131nda kurumlar aras\u0131nda koordinasyonun \u00f6nemine dikkat \u00e7ekerken, vatanda\u015flar\u0131n huzur ve g\u00fcvenli\u011fi ile hayvan refah\u0131n\u0131n birlikte g\u00f6zetilece\u011fi vurguland\u0131.<\/p>\n\n\n\n<p class=\"wp-block-paragraph\">Tekirda\u011f Valisi Recep Soyt\u00fcrk ba\u015fkanl\u0131\u011f\u0131nda d\u00fczenlenen toplant\u0131ya Vali Yard\u0131mc\u0131s\u0131 G\u00fcnay \u00d6zt\u00fcrk, il\u00e7e kaymakamlar\u0131, Tekirda\u011f B\u00fcy\u00fck\u015fehir Belediyesi Genel Sekreter Yard\u0131mc\u0131s\u0131 Arzu \u00c7ebi, \u0130l Emniyet M\u00fcd\u00fcr\u00fc Ahmet Metin Turanl\u0131, \u0130l Jandarma Komutan\u0131 Jandarma Albay Ali G\u00fcng\u00f6r, il\u00e7e belediye ba\u015fkanlar\u0131, kurum m\u00fcd\u00fcrleri, Do\u011fa Koruma ve Milli Parklar \u0130l \u015eube M\u00fcd\u00fcr\u00fc G\u00f6kay \u0130nal ile Hayvanlar\u0131 Koruma Kurulu \u00fcyeleri kat\u0131ld\u0131.<\/p>\n","protected":false},"excerpt":{"rendered":"<p>Tekirda\u011f&#8217;da sahipsiz sokak hayvanlar\u0131n\u0131n korunmas\u0131, rehabilitasyonu ve k\u0131s\u0131rla\u015ft\u0131r\u0131lmas\u0131 amac\u0131yla \u0130l Hayvanlar\u0131 Koruma Kurulu toplant\u0131s\u0131 yap\u0131ld\u0131&#8230;.<\/p>\n","protected":false},"author":1,"featured_media":2184,"comment_status":"closed","ping_status":"closed","sticky":false,"template":"","format":"standard","meta":{"footnotes":""},"categories":[1],"tags":[],"ppma_author":[57],"class_list":["post-2183","post","type-post","status-publish","format-standard","has-post-thumbnail","hentry","category-tekirdag-gundemi"],"authors":[{"term_id":57,"user_id":1,"is_guest":0,"slug":"admin","display_name":"Alp Aslan","avatar_url":"https:\/\/secure.gravatar.com\/avatar\/07c18c5ad3350b025db8f3328450e071acb435c703e565899c880c63362f137a?s=96&d=mm&r=g","author_category":"1","first_name":"Alp Aslan","last_name":"ER\u0130N","user_url":"http:\/\/www.gundem59.com.tr","job_title":"","description":""}],"_links":{"self":[{"href":"https:\/\/gundem59.com.tr\/index.php?rest_route=\/wp\/v2\/posts\/2183","targetHints":{"allow":["GET"]}}],"collection":[{"href":"https:\/\/gundem59.com.tr\/index.php?rest_route=\/wp\/v2\/posts"}],"about":[{"href":"https:\/\/gundem59.com.tr\/index.php?rest_route=\/wp\/v2\/types\/post"}],"author":[{"embeddable":true,"href":"https:\/\/gundem59.com.tr\/index.php?rest_route=\/wp\/v2\/users\/1"}],"replies":[{"embeddable":true,"href":"https:\/\/gundem59.com.tr\/index.php?rest_route=%2Fwp%2Fv2%2Fcomments&post=2183"}],"version-history":[{"count":1,"href":"https:\/\/gundem59.com.tr\/index.php?rest_route=\/wp\/v2\/posts\/2183\/revisions"}],"predecessor-version":[{"id":2185,"href":"https:\/\/gundem59.com.tr\/index.php?rest_route=\/wp\/v2\/posts\/2183\/revisions\/2185"}],"wp:featuredmedia":[{"embeddable":true,"href":"https:\/\/gundem59.com.tr\/index.php?rest_route=\/wp\/v2\/media\/2184"}],"wp:attachment":[{"href":"https:\/\/gundem59.com.tr\/index.php?rest_route=%2Fwp%2Fv2%2Fmedia&parent=2183"}],"wp:term":[{"taxonomy":"category","embeddable":true,"href":"https:\/\/gundem59.com.tr\/index.php?rest_route=%2Fwp%2Fv2%2Fcategories&post=2183"},{"taxonomy":"post_tag","embeddable":true,"href":"https:\/\/gundem59.com.tr\/index.php?rest_route=%2Fwp%2Fv2%2Ftags&post=2183"},{"taxonomy":"author","embeddable":true,"href":"https:\/\/gundem59.com.tr\/index.php?rest_route=%2Fwp%2Fv2%2Fppma_author&post=2183"}],"curies":[{"name":"wp","href":"https:\/\/api.w.org\/{rel}","templated":true}]}}