{"id":2180,"date":"2026-06-20T11:18:44","date_gmt":"2026-06-20T11:18:44","guid":{"rendered":"https:\/\/gundem59.com.tr\/?p=2180"},"modified":"2026-06-20T11:18:45","modified_gmt":"2026-06-20T11:18:45","slug":"tekirdagda-minibus-devrildi-yarali-yok","status":"publish","type":"post","link":"https:\/\/gundem59.com.tr\/?p=2180","title":{"rendered":"Tekirda\u011f&#8217;da Minib\u00fcs Devrildi, Yaral\u0131 Yok"},"content":{"rendered":"\n<p class=\"wp-block-paragraph\">S\u00fcleymanpa\u015fa&#8217;da otomobil ile \u00e7arp\u0131\u015fan minib\u00fcs \u015farampole devrildi. Maddi hasar var, yaralanma yok.<\/p>\n\n\n\n<p class=\"wp-block-paragraph\"><a href=\"https:\/\/www.sondakika.com\/tekirdag\/\">Tekirda\u011f<\/a>&#8216;\u0131n S\u00fcleymanpa\u015fa il\u00e7esinde meydana gelen kazada otomobil ile \u00e7arp\u0131\u015fan yolcu minib\u00fcs\u00fc \u015farampole devrildi. Kazada yakla\u015f\u0131k 13 yolcunun bulundu\u011fu minib\u00fcste ve otomobilde maddi hasar olu\u015furken, yaralanan olmamas\u0131 sevindirdi.<\/p>\n\n\n\n<p class=\"wp-block-paragraph\">Kaza, S\u00fcleymanpa\u015fa il\u00e7esi giri\u015finde meydana geldi. Edinilen bilgilere g\u00f6re, otomobil ile \u00e7arp\u0131\u015fan yolcu minib\u00fcs\u00fc kontrolden \u00e7\u0131karak yol kenar\u0131ndaki \u015farampole devrildi. \u0130hbar \u00fczerine olay yerine \u00e7ok say\u0131da polis ve sa\u011fl\u0131k ekibi sevk edildi. Ekipler b\u00f6lgede g\u00fcvenlik \u00f6nlemleri al\u0131rken, kazaya kar\u0131\u015fan ara\u00e7larda inceleme yapt\u0131. Kaza s\u0131ras\u0131nda minib\u00fcste yakla\u015f\u0131k 13 yolcunun bulundu\u011fu \u00f6\u011frenildi. Kazada herhangi bir yaralanma veya can kayb\u0131n\u0131n ya\u015fanmamas\u0131, olay yerinde bulunanlara ve yolculara rahat bir nefes ald\u0131rd\u0131. Ara\u00e7larda maddi hasar meydana gelirken, polis ekipleri kazayla ilgili inceleme ba\u015flatt\u0131.<\/p>\n","protected":false},"excerpt":{"rendered":"<p>S\u00fcleymanpa\u015fa&#8217;da otomobil ile \u00e7arp\u0131\u015fan minib\u00fcs \u015farampole devrildi. Maddi hasar var, yaralanma yok. Tekirda\u011f&#8216;\u0131n S\u00fcleymanpa\u015fa il\u00e7esinde&#8230;<\/p>\n","protected":false},"author":1,"featured_media":2181,"comment_status":"closed","ping_status":"closed","sticky":false,"template":"","format":"standard","meta":{"footnotes":""},"categories":[14],"tags":[],"ppma_author":[57],"class_list":["post-2180","post","type-post","status-publish","format-standard","has-post-thumbnail","hentry","category-suleymanpasa"],"authors":[{"term_id":57,"user_id":1,"is_guest":0,"slug":"admin","display_name":"Alp Aslan","avatar_url":"https:\/\/secure.gravatar.com\/avatar\/07c18c5ad3350b025db8f3328450e071acb435c703e565899c880c63362f137a?s=96&d=mm&r=g","author_category":"1","first_name":"Alp Aslan","last_name":"ER\u0130N","user_url":"http:\/\/www.gundem59.com.tr","job_title":"","description":""}],"_links":{"self":[{"href":"https:\/\/gundem59.com.tr\/index.php?rest_route=\/wp\/v2\/posts\/2180","targetHints":{"allow":["GET"]}}],"collection":[{"href":"https:\/\/gundem59.com.tr\/index.php?rest_route=\/wp\/v2\/posts"}],"about":[{"href":"https:\/\/gundem59.com.tr\/index.php?rest_route=\/wp\/v2\/types\/post"}],"author":[{"embeddable":true,"href":"https:\/\/gundem59.com.tr\/index.php?rest_route=\/wp\/v2\/users\/1"}],"replies":[{"embeddable":true,"href":"https:\/\/gundem59.com.tr\/index.php?rest_route=%2Fwp%2Fv2%2Fcomments&post=2180"}],"version-history":[{"count":1,"href":"https:\/\/gundem59.com.tr\/index.php?rest_route=\/wp\/v2\/posts\/2180\/revisions"}],"predecessor-version":[{"id":2182,"href":"https:\/\/gundem59.com.tr\/index.php?rest_route=\/wp\/v2\/posts\/2180\/revisions\/2182"}],"wp:featuredmedia":[{"embeddable":true,"href":"https:\/\/gundem59.com.tr\/index.php?rest_route=\/wp\/v2\/media\/2181"}],"wp:attachment":[{"href":"https:\/\/gundem59.com.tr\/index.php?rest_route=%2Fwp%2Fv2%2Fmedia&parent=2180"}],"wp:term":[{"taxonomy":"category","embeddable":true,"href":"https:\/\/gundem59.com.tr\/index.php?rest_route=%2Fwp%2Fv2%2Fcategories&post=2180"},{"taxonomy":"post_tag","embeddable":true,"href":"https:\/\/gundem59.com.tr\/index.php?rest_route=%2Fwp%2Fv2%2Ftags&post=2180"},{"taxonomy":"author","embeddable":true,"href":"https:\/\/gundem59.com.tr\/index.php?rest_route=%2Fwp%2Fv2%2Fppma_author&post=2180"}],"curies":[{"name":"wp","href":"https:\/\/api.w.org\/{rel}","templated":true}]}}