{"id":2165,"date":"2026-06-19T09:55:19","date_gmt":"2026-06-19T09:55:19","guid":{"rendered":"https:\/\/gundem59.com.tr\/?p=2165"},"modified":"2026-06-19T09:55:20","modified_gmt":"2026-06-19T09:55:20","slug":"tekirdagda-sahipsiz-hayvanlar-icin-toplanti","status":"publish","type":"post","link":"https:\/\/gundem59.com.tr\/?p=2165","title":{"rendered":"Tekirda\u011f&#8217;da Sahipsiz Hayvanlar \u0130\u00e7in Toplant\u0131"},"content":{"rendered":"\n<p class=\"wp-block-paragraph\">Sahipsiz hayvanlar\u0131n korunmas\u0131 i\u00e7in Tekirda\u011f&#8217;da \u0130l Hayvanlar\u0131 Koruma Kurulu Toplant\u0131s\u0131 yap\u0131ld\u0131.<\/p>\n\n\n\n<p class=\"wp-block-paragraph\"><a href=\"https:\/\/www.sondakika.com\/tekirdag\/\">Tekirda\u011f<\/a>&#8216;da sahipsiz hayvanlara y\u00f6nelik \u00e7al\u0131\u015fmalar\u0131n ele al\u0131nd\u0131\u011f\u0131 \u0130l Hayvanlar\u0131 Koruma Kurulu Toplant\u0131s\u0131 ger\u00e7ekle\u015ftirildi.<\/p>\n\n\n\n<p class=\"wp-block-paragraph\">Vali&nbsp;<a href=\"https:\/\/www.sondakika.com\/recep-soyturk\/\">Recep Soyt\u00fcrk<\/a>&nbsp;ba\u015fkanl\u0131\u011f\u0131nda, G\u00fcvenlik ve Acil Durumlar Koordinasyon Merkezi (GAMER) Toplant\u0131 Salonu&#8217;nda d\u00fczenlenen toplant\u0131da, ilgili mevzuat kapsam\u0131nda yerel y\u00f6netimlerin hayvan bak\u0131mevi ve do\u011fal ya\u015fam alan\u0131 kurma \u00e7al\u0131\u015fmalar\u0131 ile mevcut kapasiteleri de\u011ferlendirildi.<\/p>\n\n\n\n<p class=\"wp-block-paragraph\">Belediyelerin sahipsiz sokak hayvanlar\u0131na y\u00f6nelik y\u00fcr\u00fctt\u00fc\u011f\u00fc ve planlad\u0131\u011f\u0131 \u00e7al\u0131\u015fmalar\u0131n g\u00f6r\u00fc\u015f\u00fcld\u00fc\u011f\u00fc toplant\u0131da, k\u0131s\u0131rla\u015ft\u0131rma faaliyetleri, rehabilitasyon s\u00fcre\u00e7leri ve kurumlar aras\u0131nda koordinasyon gerektiren konular ele al\u0131nd\u0131.<\/p>\n\n\n\n<p class=\"wp-block-paragraph\">Kat\u0131l\u0131mc\u0131lar, sahipsiz hayvanlar\u0131n korunmas\u0131 ve ya\u015fam ko\u015fullar\u0131n\u0131n iyile\u015ftirilmesine y\u00f6nelik yap\u0131lacak \u00e7al\u0131\u015fmalar hakk\u0131nda g\u00f6r\u00fc\u015f al\u0131\u015fveri\u015finde bulundu.<\/p>\n\n\n\n<p class=\"wp-block-paragraph\">Toplant\u0131ya, Tekirda\u011f B\u00fcy\u00fck\u015fehir Belediyesi Genel Sekreter Yard\u0131mc\u0131s\u0131 Arzu \u00c7ebi, \u0130l Emniyet M\u00fcd\u00fcr\u00fc Ahmet Metin Turanl\u0131, \u0130l Jandarma Komutan\u0131 Jandarma Albay Ali G\u00fcng\u00f6r, Do\u011fa Koruma ve Milli Parklar \u015eube M\u00fcd\u00fcr\u00fc G\u00f6kay \u0130nal, kaymakamlar, il\u00e7e belediye ba\u015fkanlar\u0131, kurum m\u00fcd\u00fcrleri ile kurul \u00fcyeleri kat\u0131ld\u0131.<\/p>\n","protected":false},"excerpt":{"rendered":"<p>Sahipsiz hayvanlar\u0131n korunmas\u0131 i\u00e7in Tekirda\u011f&#8217;da \u0130l Hayvanlar\u0131 Koruma Kurulu Toplant\u0131s\u0131 yap\u0131ld\u0131. Tekirda\u011f&#8216;da sahipsiz hayvanlara y\u00f6nelik&#8230;<\/p>\n","protected":false},"author":1,"featured_media":2166,"comment_status":"closed","ping_status":"closed","sticky":false,"template":"","format":"standard","meta":{"footnotes":""},"categories":[1],"tags":[],"ppma_author":[57],"class_list":["post-2165","post","type-post","status-publish","format-standard","has-post-thumbnail","hentry","category-tekirdag-gundemi"],"authors":[{"term_id":57,"user_id":1,"is_guest":0,"slug":"admin","display_name":"Alp Aslan","avatar_url":"https:\/\/secure.gravatar.com\/avatar\/07c18c5ad3350b025db8f3328450e071acb435c703e565899c880c63362f137a?s=96&d=mm&r=g","author_category":"1","first_name":"Alp Aslan","last_name":"ER\u0130N","user_url":"http:\/\/www.gundem59.com.tr","job_title":"","description":""}],"_links":{"self":[{"href":"https:\/\/gundem59.com.tr\/index.php?rest_route=\/wp\/v2\/posts\/2165","targetHints":{"allow":["GET"]}}],"collection":[{"href":"https:\/\/gundem59.com.tr\/index.php?rest_route=\/wp\/v2\/posts"}],"about":[{"href":"https:\/\/gundem59.com.tr\/index.php?rest_route=\/wp\/v2\/types\/post"}],"author":[{"embeddable":true,"href":"https:\/\/gundem59.com.tr\/index.php?rest_route=\/wp\/v2\/users\/1"}],"replies":[{"embeddable":true,"href":"https:\/\/gundem59.com.tr\/index.php?rest_route=%2Fwp%2Fv2%2Fcomments&post=2165"}],"version-history":[{"count":1,"href":"https:\/\/gundem59.com.tr\/index.php?rest_route=\/wp\/v2\/posts\/2165\/revisions"}],"predecessor-version":[{"id":2167,"href":"https:\/\/gundem59.com.tr\/index.php?rest_route=\/wp\/v2\/posts\/2165\/revisions\/2167"}],"wp:featuredmedia":[{"embeddable":true,"href":"https:\/\/gundem59.com.tr\/index.php?rest_route=\/wp\/v2\/media\/2166"}],"wp:attachment":[{"href":"https:\/\/gundem59.com.tr\/index.php?rest_route=%2Fwp%2Fv2%2Fmedia&parent=2165"}],"wp:term":[{"taxonomy":"category","embeddable":true,"href":"https:\/\/gundem59.com.tr\/index.php?rest_route=%2Fwp%2Fv2%2Fcategories&post=2165"},{"taxonomy":"post_tag","embeddable":true,"href":"https:\/\/gundem59.com.tr\/index.php?rest_route=%2Fwp%2Fv2%2Ftags&post=2165"},{"taxonomy":"author","embeddable":true,"href":"https:\/\/gundem59.com.tr\/index.php?rest_route=%2Fwp%2Fv2%2Fppma_author&post=2165"}],"curies":[{"name":"wp","href":"https:\/\/api.w.org\/{rel}","templated":true}]}}