{"id":2162,"date":"2026-06-19T09:33:13","date_gmt":"2026-06-19T09:33:13","guid":{"rendered":"https:\/\/gundem59.com.tr\/?p=2162"},"modified":"2026-06-19T09:33:13","modified_gmt":"2026-06-19T09:33:13","slug":"kulturlerarasi-yolculuk-sergisi-tekirdagda","status":"publish","type":"post","link":"https:\/\/gundem59.com.tr\/?p=2162","title":{"rendered":"K\u00fclt\u00fcrleraras\u0131 Yolculuk Sergisi Tekirda\u011f&#8217;da"},"content":{"rendered":"\n<p class=\"wp-block-paragraph\">Marmaraere\u011flisi&#8217;nde ger\u00e7ekle\u015ftirilen sergi ve defile, \u00f6\u011frencilerin farkl\u0131 k\u00fclt\u00fcrleri tan\u0131tmas\u0131n\u0131 sa\u011flad\u0131.<\/p>\n\n\n\n<p class=\"wp-block-paragraph\"><a href=\"https:\/\/www.sondakika.com\/tekirdag\/\">Tekirda\u011f<\/a>&nbsp;<a href=\"https:\/\/www.sondakika.com\/marmaraereglisi\/\">Marmaraere\u011flisi<\/a>&nbsp;il\u00e7esi Hac\u0131 Mehmet S\u00f6ylemez Anaokulu taraf\u0131ndan y\u00fcr\u00fct\u00fclen &#8220;<a href=\"https:\/\/www.sondakika.com\/dunya\/\">D\u00fcnya<\/a>&nbsp;\u00dclkeleri Projesi&#8221; kapsam\u0131nda haz\u0131rlanan &#8220;K\u00fclt\u00fcrleraras\u0131 Yolculuk Sergisi ve Defilesi&#8221; ger\u00e7ekle\u015ftirildi.<\/p>\n\n\n\n<p class=\"wp-block-paragraph\">Okul bah\u00e7esinde d\u00fczenlenen etkinlikte \u00f6\u011frencilerin farkl\u0131 \u00fclke ve k\u00fclt\u00fcrleri tan\u0131tan \u00e7al\u0131\u015fmalar\u0131 sergilendi.<\/p>\n\n\n\n<p class=\"wp-block-paragraph\">\u00c7e\u015fitli \u00fclkelerin geleneksel k\u0131yafetlerinden olu\u015fan defile de kat\u0131l\u0131mc\u0131lar\u0131n be\u011fenisine sunuldu.<\/p>\n\n\n\n<p class=\"wp-block-paragraph\">Etkinlikte \u00f6\u011frenciler taraf\u0131ndan haz\u0131rlanan sergi gezilirken, farkl\u0131 \u00fclkelerin k\u00fclt\u00fcrlerini yans\u0131tan kost\u00fcmlerle ger\u00e7ekle\u015ftirilen defile izleyicilerden alk\u0131\u015f ald\u0131.<\/p>\n\n\n\n<p class=\"wp-block-paragraph\">Okul M\u00fcd\u00fcr\u00fc Reyhan \u00d6zen, programda yapt\u0131\u011f\u0131 konu\u015fmada, y\u0131l boyunca y\u00fcr\u00fct\u00fclen &#8220;D\u00fcnya \u00dclkeleri&#8221; projesi kapsam\u0131nda haz\u0131rlanan &#8220;Maarifin Kalbinde D\u00fcnyay\u0131 Geziyoruz&#8221; adl\u0131 defile ve serginin \u00f6\u011frencilerin sosyal, k\u00fclt\u00fcrel ve sanatsal geli\u015fimlerine katk\u0131 sundu\u011funu s\u00f6yledi.<\/p>\n\n\n\n<p class=\"wp-block-paragraph\">E\u011fitimin yaln\u0131zca s\u0131n\u0131f ortam\u0131nda ger\u00e7ekle\u015fen bir s\u00fcre\u00e7 olmad\u0131\u011f\u0131n\u0131 belirten \u00d6zen, \u00f6\u011frencilerin yeteneklerini ke\u015ffetmelerine ve farkl\u0131 y\u00f6nlerini ortaya koymalar\u0131na imkan sa\u011flamay\u0131 ama\u00e7lad\u0131klar\u0131n\u0131 ifade etti.<\/p>\n\n\n\n<p class=\"wp-block-paragraph\">\u00d6zen, proje kapsam\u0131nda \u00f6\u011frencilerin farkl\u0131 k\u00fclt\u00fcrleri tan\u0131ma f\u0131rsat\u0131 buldu\u011funu dile getirerek, &#8220;\u00c7ocuklar\u0131m\u0131z\u0131n k\u00fclt\u00fcrel \u00e7e\u015fitlili\u011fe y\u00f6nelik fark\u0131ndal\u0131k kazanmalar\u0131n\u0131, empati, sayg\u0131, sevgi, i\u015f birli\u011fi ve bar\u0131\u015f gibi evrensel de\u011ferleri erken ya\u015flarda i\u00e7selle\u015ftirmelerini hedefledik.&#8221; dedi.<\/p>\n\n\n\n<p class=\"wp-block-paragraph\">Programa, \u0130l Milli E\u011fitim M\u00fcd\u00fcr\u00fc Abd\u00fclaziz Yeniyol, Marmaraere\u011flisi Kaymakam\u0131 G\u00f6khan G\u00fcrb\u00fczerol, siyasi parti temsilcileri, \u00f6\u011fretmenler ve veliler kat\u0131ld\u0131.<\/p>\n","protected":false},"excerpt":{"rendered":"<p>Marmaraere\u011flisi&#8217;nde ger\u00e7ekle\u015ftirilen sergi ve defile, \u00f6\u011frencilerin farkl\u0131 k\u00fclt\u00fcrleri tan\u0131tmas\u0131n\u0131 sa\u011flad\u0131. Tekirda\u011f&nbsp;Marmaraere\u011flisi&nbsp;il\u00e7esi Hac\u0131 Mehmet S\u00f6ylemez Anaokulu&#8230;<\/p>\n","protected":false},"author":1,"featured_media":2163,"comment_status":"closed","ping_status":"closed","sticky":false,"template":"","format":"standard","meta":{"footnotes":""},"categories":[8],"tags":[],"ppma_author":[57],"class_list":["post-2162","post","type-post","status-publish","format-standard","has-post-thumbnail","hentry","category-marmara-eregilisi"],"authors":[{"term_id":57,"user_id":1,"is_guest":0,"slug":"admin","display_name":"Alp Aslan","avatar_url":"https:\/\/secure.gravatar.com\/avatar\/07c18c5ad3350b025db8f3328450e071acb435c703e565899c880c63362f137a?s=96&d=mm&r=g","author_category":"1","first_name":"Alp Aslan","last_name":"ER\u0130N","user_url":"http:\/\/www.gundem59.com.tr","job_title":"","description":""}],"_links":{"self":[{"href":"https:\/\/gundem59.com.tr\/index.php?rest_route=\/wp\/v2\/posts\/2162","targetHints":{"allow":["GET"]}}],"collection":[{"href":"https:\/\/gundem59.com.tr\/index.php?rest_route=\/wp\/v2\/posts"}],"about":[{"href":"https:\/\/gundem59.com.tr\/index.php?rest_route=\/wp\/v2\/types\/post"}],"author":[{"embeddable":true,"href":"https:\/\/gundem59.com.tr\/index.php?rest_route=\/wp\/v2\/users\/1"}],"replies":[{"embeddable":true,"href":"https:\/\/gundem59.com.tr\/index.php?rest_route=%2Fwp%2Fv2%2Fcomments&post=2162"}],"version-history":[{"count":1,"href":"https:\/\/gundem59.com.tr\/index.php?rest_route=\/wp\/v2\/posts\/2162\/revisions"}],"predecessor-version":[{"id":2164,"href":"https:\/\/gundem59.com.tr\/index.php?rest_route=\/wp\/v2\/posts\/2162\/revisions\/2164"}],"wp:featuredmedia":[{"embeddable":true,"href":"https:\/\/gundem59.com.tr\/index.php?rest_route=\/wp\/v2\/media\/2163"}],"wp:attachment":[{"href":"https:\/\/gundem59.com.tr\/index.php?rest_route=%2Fwp%2Fv2%2Fmedia&parent=2162"}],"wp:term":[{"taxonomy":"category","embeddable":true,"href":"https:\/\/gundem59.com.tr\/index.php?rest_route=%2Fwp%2Fv2%2Fcategories&post=2162"},{"taxonomy":"post_tag","embeddable":true,"href":"https:\/\/gundem59.com.tr\/index.php?rest_route=%2Fwp%2Fv2%2Ftags&post=2162"},{"taxonomy":"author","embeddable":true,"href":"https:\/\/gundem59.com.tr\/index.php?rest_route=%2Fwp%2Fv2%2Fppma_author&post=2162"}],"curies":[{"name":"wp","href":"https:\/\/api.w.org\/{rel}","templated":true}]}}