{"id":2159,"date":"2026-06-19T09:30:56","date_gmt":"2026-06-19T09:30:56","guid":{"rendered":"https:\/\/gundem59.com.tr\/?p=2159"},"modified":"2026-06-19T09:30:56","modified_gmt":"2026-06-19T09:30:56","slug":"tekirdagda-mayis-ayinda-2-441-konut-satisi","status":"publish","type":"post","link":"https:\/\/gundem59.com.tr\/?p=2159","title":{"rendered":"Tekirda\u011f&#8217;da May\u0131s Ay\u0131nda 2.441 Konut Sat\u0131\u015f\u0131"},"content":{"rendered":"\n<p class=\"wp-block-paragraph\">Tekirda\u011f&#8217;da May\u0131s 2023&#8217;te 2.441 konut ve 200 i\u015f yeri sat\u0131\u015f\u0131 ger\u00e7ekle\u015fti, ipotekli sat\u0131\u015flar art\u0131\u015f g\u00f6sterdi.<\/p>\n\n\n\n<p class=\"wp-block-paragraph\"><a href=\"https:\/\/www.sondakika.com\/tekirdag\/\">Tekirda\u011f<\/a>&#8216;da may\u0131s ay\u0131nda 2 bin 441 konut ve 200 i\u015f yeri sat\u0131\u015f\u0131 ger\u00e7ekle\u015ftirildi.<\/p>\n\n\n\n<p class=\"wp-block-paragraph\">T\u00fcrkiye \u0130statistik Kurumu taraf\u0131ndan a\u00e7\u0131klanan 2026 May\u0131s ay\u0131 Konut ve \u0130\u015fyeri Sat\u0131\u015f \u0130statistiklerine g\u00f6re, Tekirda\u011f&#8217;da konut sat\u0131\u015flar\u0131 hareketlili\u011fini s\u00fcrd\u00fcrd\u00fc. Kent genelinde may\u0131sta toplam 2 bin 441 konut sat\u0131\u015f\u0131 ger\u00e7ekle\u015firken, bunlar\u0131n 953&#8217;\u00fcn\u00fc ilk el, 1 bin 488&#8217;ini ise ikinci el konut sat\u0131\u015flar\u0131 olu\u015fturdu.<\/p>\n\n\n\n<p class=\"wp-block-paragraph\">Ayn\u0131 d\u00f6nemde Tekirda\u011f&#8217;da toplam 200 i\u015f yeri sat\u0131\u015f\u0131 yap\u0131ld\u0131. Bunlar\u0131n 56&#8217;s\u0131 ilk el, 144&#8217;\u00fc ise ikinci el i\u015f yeri olarak kay\u0131tlara ge\u00e7ti.<\/p>\n\n\n\n<p class=\"wp-block-paragraph\">Verilere g\u00f6re kentte may\u0131s ay\u0131nda ger\u00e7ekle\u015ftirilen konut sat\u0131\u015flar\u0131n\u0131n 627&#8217;si ipotekli, bin 814&#8217;\u00fc ise di\u011fer sat\u0131\u015f t\u00fcrlerinde ger\u00e7ekle\u015fti. \u0130\u015f yeri sat\u0131\u015flar\u0131nda ise 9 ipotekli sat\u0131\u015f yap\u0131l\u0131rken, 191&#8217;i di\u011fer sat\u0131\u015f y\u00f6ntemleriyle el de\u011fi\u015ftirdi.<\/p>\n\n\n\n<p class=\"wp-block-paragraph\">T\u00fcrkiye genelinde ise may\u0131s ay\u0131nda ilk el konut sat\u0131\u015flar\u0131 bir \u00f6nceki y\u0131l\u0131n ayn\u0131 ay\u0131na g\u00f6re y\u00fczde 27,9 azalarak 30 bin 196, ikinci el konut sat\u0131\u015flar\u0131 y\u00fczde 32,7 azalarak 63 bin 137 oldu. \u0130lk el i\u015f yeri sat\u0131\u015flar\u0131 y\u00fczde 24,8 azalarak 3 bin 255&#8217;e gerilerken, ikinci el i\u015f yeri sat\u0131\u015flar\u0131 y\u00fczde 33,1 d\u00fc\u015f\u00fc\u015fle 8 bin 179 olarak ger\u00e7ekle\u015fti.<\/p>\n","protected":false},"excerpt":{"rendered":"<p>Tekirda\u011f&#8217;da May\u0131s 2023&#8217;te 2.441 konut ve 200 i\u015f yeri sat\u0131\u015f\u0131 ger\u00e7ekle\u015fti, ipotekli sat\u0131\u015flar art\u0131\u015f g\u00f6sterdi&#8230;.<\/p>\n","protected":false},"author":1,"featured_media":2160,"comment_status":"closed","ping_status":"closed","sticky":false,"template":"","format":"standard","meta":{"footnotes":""},"categories":[53],"tags":[],"ppma_author":[57],"class_list":["post-2159","post","type-post","status-publish","format-standard","has-post-thumbnail","hentry","category-ekonomi"],"authors":[{"term_id":57,"user_id":1,"is_guest":0,"slug":"admin","display_name":"Alp Aslan","avatar_url":"https:\/\/secure.gravatar.com\/avatar\/07c18c5ad3350b025db8f3328450e071acb435c703e565899c880c63362f137a?s=96&d=mm&r=g","author_category":"1","first_name":"Alp Aslan","last_name":"ER\u0130N","user_url":"http:\/\/www.gundem59.com.tr","job_title":"","description":""}],"_links":{"self":[{"href":"https:\/\/gundem59.com.tr\/index.php?rest_route=\/wp\/v2\/posts\/2159","targetHints":{"allow":["GET"]}}],"collection":[{"href":"https:\/\/gundem59.com.tr\/index.php?rest_route=\/wp\/v2\/posts"}],"about":[{"href":"https:\/\/gundem59.com.tr\/index.php?rest_route=\/wp\/v2\/types\/post"}],"author":[{"embeddable":true,"href":"https:\/\/gundem59.com.tr\/index.php?rest_route=\/wp\/v2\/users\/1"}],"replies":[{"embeddable":true,"href":"https:\/\/gundem59.com.tr\/index.php?rest_route=%2Fwp%2Fv2%2Fcomments&post=2159"}],"version-history":[{"count":1,"href":"https:\/\/gundem59.com.tr\/index.php?rest_route=\/wp\/v2\/posts\/2159\/revisions"}],"predecessor-version":[{"id":2161,"href":"https:\/\/gundem59.com.tr\/index.php?rest_route=\/wp\/v2\/posts\/2159\/revisions\/2161"}],"wp:featuredmedia":[{"embeddable":true,"href":"https:\/\/gundem59.com.tr\/index.php?rest_route=\/wp\/v2\/media\/2160"}],"wp:attachment":[{"href":"https:\/\/gundem59.com.tr\/index.php?rest_route=%2Fwp%2Fv2%2Fmedia&parent=2159"}],"wp:term":[{"taxonomy":"category","embeddable":true,"href":"https:\/\/gundem59.com.tr\/index.php?rest_route=%2Fwp%2Fv2%2Fcategories&post=2159"},{"taxonomy":"post_tag","embeddable":true,"href":"https:\/\/gundem59.com.tr\/index.php?rest_route=%2Fwp%2Fv2%2Ftags&post=2159"},{"taxonomy":"author","embeddable":true,"href":"https:\/\/gundem59.com.tr\/index.php?rest_route=%2Fwp%2Fv2%2Fppma_author&post=2159"}],"curies":[{"name":"wp","href":"https:\/\/api.w.org\/{rel}","templated":true}]}}