{"id":2150,"date":"2026-06-18T19:30:00","date_gmt":"2026-06-18T19:30:00","guid":{"rendered":"https:\/\/gundem59.com.tr\/?p=2150"},"modified":"2026-06-18T19:30:01","modified_gmt":"2026-06-18T19:30:01","slug":"bir-sigara-keyfi-bugday-tarlasini-kul-etti","status":"publish","type":"post","link":"https:\/\/gundem59.com.tr\/?p=2150","title":{"rendered":"Bir sigara keyfi bu\u011fday tarlas\u0131n\u0131 k\u00fcl etti"},"content":{"rendered":"\n<p class=\"wp-block-paragraph\">Tekirda\u011f&#8217;\u0131n S\u00fcleymanpa\u015fa il\u00e7esinde \u00e7\u0131kan yang\u0131nda yakla\u015f\u0131k 100 dekar bu\u011fday ekili alan yanarak zarar g\u00f6rd\u00fc. Yang\u0131n\u0131n sigara izmaritinden \u00e7\u0131kt\u0131\u011f\u0131 tahmin ediliyor.<\/p>\n\n\n\n<p class=\"wp-block-paragraph\"><a href=\"https:\/\/www.sondakika.com\/tekirdag\/\">Tekirda\u011f<\/a>&#8216;\u0131n&nbsp;<a href=\"https:\/\/www.sondakika.com\/suleymanpasa\/\">S\u00fcleymanpa\u015fa<\/a>&nbsp;il\u00e7esinde \u00e7\u0131kan yang\u0131nda yakla\u015f\u0131k 100 dekar bu\u011fday ekili alan yanarak zarar g\u00f6rd\u00fc.<\/p>\n\n\n\n<p class=\"wp-block-paragraph\">Yang\u0131n, S\u00fcleymanpa\u015fa il\u00e7esine ba\u011fl\u0131 Karaevli Mahallesi&#8217;nde hasad\u0131 yap\u0131lmam\u0131\u015f bu\u011fday tarlas\u0131nda meydana geldi. Tarladan y\u00fckselen dumanlar\u0131 fark eden mahalle sakinleri durumu 112 Acil \u00c7a\u011fr\u0131 Merkezi&#8217;ne bildirdi. \u0130hbar \u00fczerine b\u00f6lgeye Tekirda\u011f B\u00fcy\u00fck\u015fehir Belediyesi itfaiye ekipleri sevk edildi.<\/p>\n\n\n\n<p class=\"wp-block-paragraph\">K\u0131sa s\u00fcrede b\u00fcy\u00fcyen yang\u0131n, ekiplerin yo\u011fun \u00e7al\u0131\u015fmas\u0131 sonucu kontrol alt\u0131na al\u0131narak s\u00f6nd\u00fcr\u00fcld\u00fc. Yang\u0131nda yakla\u015f\u0131k 100 dekar bu\u011fday ekili alan zarar g\u00f6rd\u00fc.<\/p>\n\n\n\n<p class=\"wp-block-paragraph\">Yang\u0131n\u0131n ard\u0131ndan b\u00f6lgeye gelen Tekirda\u011f Tar\u0131m ve Orman \u0130l M\u00fcd\u00fcr\u00fc Mehmet Aksoy, incelemelerde bulunarak \u00fcreticilere ge\u00e7mi\u015f olsun dileklerini iletti. Aksoy, vatanda\u015flar\u0131n \u00f6zellikle yaz aylar\u0131nda daha dikkatli olmas\u0131 gerekti\u011fini belirterek, &#8220;Dikkatsiz bir insan\u0131n bir sigara keyfi i\u015fte 80 &#8211; 100 d\u00f6n\u00fcm alan\u0131m\u0131z\u0131 bu hale getirdi. Vatanda\u015flar\u0131n biraz daha dikkatli olmas\u0131 laz\u0131m. Sizden ricam bunu yay\u0131n. An\u0131z yang\u0131nlar\u0131na kar\u015f\u0131 bizim tah\u0131llar, tah\u0131l arazilerinde gezerken, tatil yaparken 5 dakikal\u0131k bir zevk i\u00e7in insanlar\u0131n bir y\u0131ll\u0131k eme\u011fi yanm\u0131\u015f oluyor. Allah muhafaza \u015fehirler de yanabilir. \u00dcreticilerimize ge\u00e7mi\u015f olsun dileklerimi iletiyorum. Onun i\u00e7in geldik, sahaday\u0131z&#8221; dedi.<\/p>\n\n\n\n<p class=\"wp-block-paragraph\">Yang\u0131n\u0131n \u00e7\u0131k\u0131\u015f nedeniyle ilgili inceleme ba\u015flat\u0131ld\u0131.<\/p>\n","protected":false},"excerpt":{"rendered":"<p>Tekirda\u011f&#8217;\u0131n S\u00fcleymanpa\u015fa il\u00e7esinde \u00e7\u0131kan yang\u0131nda yakla\u015f\u0131k 100 dekar bu\u011fday ekili alan yanarak zarar g\u00f6rd\u00fc. Yang\u0131n\u0131n&#8230;<\/p>\n","protected":false},"author":1,"featured_media":2151,"comment_status":"closed","ping_status":"closed","sticky":false,"template":"","format":"standard","meta":{"footnotes":""},"categories":[14],"tags":[],"ppma_author":[57],"class_list":["post-2150","post","type-post","status-publish","format-standard","has-post-thumbnail","hentry","category-suleymanpasa"],"authors":[{"term_id":57,"user_id":1,"is_guest":0,"slug":"admin","display_name":"Alp Aslan","avatar_url":"https:\/\/secure.gravatar.com\/avatar\/07c18c5ad3350b025db8f3328450e071acb435c703e565899c880c63362f137a?s=96&d=mm&r=g","author_category":"1","first_name":"Alp Aslan","last_name":"ER\u0130N","user_url":"http:\/\/www.gundem59.com.tr","job_title":"","description":""}],"_links":{"self":[{"href":"https:\/\/gundem59.com.tr\/index.php?rest_route=\/wp\/v2\/posts\/2150","targetHints":{"allow":["GET"]}}],"collection":[{"href":"https:\/\/gundem59.com.tr\/index.php?rest_route=\/wp\/v2\/posts"}],"about":[{"href":"https:\/\/gundem59.com.tr\/index.php?rest_route=\/wp\/v2\/types\/post"}],"author":[{"embeddable":true,"href":"https:\/\/gundem59.com.tr\/index.php?rest_route=\/wp\/v2\/users\/1"}],"replies":[{"embeddable":true,"href":"https:\/\/gundem59.com.tr\/index.php?rest_route=%2Fwp%2Fv2%2Fcomments&post=2150"}],"version-history":[{"count":1,"href":"https:\/\/gundem59.com.tr\/index.php?rest_route=\/wp\/v2\/posts\/2150\/revisions"}],"predecessor-version":[{"id":2152,"href":"https:\/\/gundem59.com.tr\/index.php?rest_route=\/wp\/v2\/posts\/2150\/revisions\/2152"}],"wp:featuredmedia":[{"embeddable":true,"href":"https:\/\/gundem59.com.tr\/index.php?rest_route=\/wp\/v2\/media\/2151"}],"wp:attachment":[{"href":"https:\/\/gundem59.com.tr\/index.php?rest_route=%2Fwp%2Fv2%2Fmedia&parent=2150"}],"wp:term":[{"taxonomy":"category","embeddable":true,"href":"https:\/\/gundem59.com.tr\/index.php?rest_route=%2Fwp%2Fv2%2Fcategories&post=2150"},{"taxonomy":"post_tag","embeddable":true,"href":"https:\/\/gundem59.com.tr\/index.php?rest_route=%2Fwp%2Fv2%2Ftags&post=2150"},{"taxonomy":"author","embeddable":true,"href":"https:\/\/gundem59.com.tr\/index.php?rest_route=%2Fwp%2Fv2%2Fppma_author&post=2150"}],"curies":[{"name":"wp","href":"https:\/\/api.w.org\/{rel}","templated":true}]}}