{"id":2147,"date":"2026-06-18T19:27:45","date_gmt":"2026-06-18T19:27:45","guid":{"rendered":"https:\/\/gundem59.com.tr\/?p=2147"},"modified":"2026-06-18T19:27:45","modified_gmt":"2026-06-18T19:27:45","slug":"kapaklida-fabrikada-silahli-kavga-1-olu-1-yarali","status":"publish","type":"post","link":"https:\/\/gundem59.com.tr\/?p=2147","title":{"rendered":"Kapakl\u0131&#8217;da Fabrikada Silahl\u0131 Kavga: 1 \u00d6l\u00fc, 1 Yaral\u0131"},"content":{"rendered":"\n<p class=\"wp-block-paragraph\">Tekirda\u011f&#8217;\u0131n Kapakl\u0131 il\u00e7esindeki fabrikada \u00e7\u0131kan kavgada 1 ki\u015fi hayat\u0131n\u0131 kaybetti, 1 ki\u015fi yaraland\u0131.<\/p>\n\n\n\n<p class=\"wp-block-paragraph\"><a href=\"https:\/\/www.sondakika.com\/tekirdag\/\">Tekirda\u011f<\/a>&#8216;\u0131n&nbsp;<a href=\"https:\/\/www.sondakika.com\/kapakli\/\">Kapakl\u0131<\/a>&nbsp;il\u00e7esinde bir fabrikada \u00e7\u0131kan silahl\u0131 kavgada 1 ki\u015fi hayat\u0131n\u0131 kaybederken, 1 ki\u015fi de yaraland\u0131. Olayla ilgili 3 \u015f\u00fcpheli g\u00f6zalt\u0131na al\u0131nd\u0131.<\/p>\n\n\n\n<p class=\"wp-block-paragraph\">Olay, Kapakl\u0131 il\u00e7esi \u0130smetpa\u015fa Mahallesi Organize Sanayi B\u00f6lgesi&#8217;nde faaliyet g\u00f6steren bir fabrikada sabah saatlerinde meydana geldi. \u0130ddiaya g\u00f6re fabrikada mallar\u0131 bulunan Cemal E., Hac\u0131 E. ile birlikte fabrikaya geldi. Taraflar aras\u0131nda hen\u00fcz bilinmeyen bir nedenle \u00e7\u0131kan tart\u0131\u015fma k\u0131sa s\u00fcrede b\u00fcy\u00fcyerek silahl\u0131 kavgaya d\u00f6n\u00fc\u015ft\u00fc.<\/p>\n\n\n\n<p class=\"wp-block-paragraph\">A\u011f\u0131r yaraland\u0131<\/p>\n\n\n\n<p class=\"wp-block-paragraph\">\u00c7\u0131kan kavgada Cemal E. t\u00fcfekle vurularak a\u011f\u0131r yaralan\u0131rken, fabrikada bulunan Selim Y. ise kar\u0131n ve s\u0131rt b\u00f6lgesinden b\u0131\u00e7aklanarak yaraland\u0131. \u0130hbar \u00fczerine olay yerine \u00e7ok say\u0131da sa\u011fl\u0131k ve polis ekipleri sevk edildi. Sa\u011fl\u0131k ekiplerinin olay yerindeki ilk m\u00fcdahalesinin ard\u0131ndan yaral\u0131lar ambulanslarla hastaneye kald\u0131r\u0131ld\u0131.<\/p>\n\n\n\n<p class=\"wp-block-paragraph\">Hayat\u0131n\u0131 kaybetti<\/p>\n\n\n\n<p class=\"wp-block-paragraph\">Hastanede tedavi alt\u0131na al\u0131nan Cemal E., doktorlar\u0131n t\u00fcm m\u00fcdahalelerine ra\u011fmen kurtar\u0131lamayarak hayat\u0131n\u0131 kaybetti. Yaral\u0131 Selim Y.&#8217;nin ise tedavisinin s\u00fcrd\u00fc\u011f\u00fc \u00f6\u011frenildi. Olay\u0131n ard\u0131ndan iki taraftan oldu\u011fu belirtilen 3 ki\u015fi b\u00f6lgeden ayr\u0131l\u0131rken, polis ekipleri fabrikada ve \u00e7evresinde geni\u015f g\u00fcvenlik \u00f6nlemleri ald\u0131. Olay yerinde inceleme yapan ekipler, \u00e7evredeki g\u00fcvenlik kameralar\u0131n\u0131 da incelemeye ald\u0131.<\/p>\n\n\n\n<p class=\"wp-block-paragraph\">Bir \u015f\u00fcphesi \u0130stanbul&#8217;da yakaland\u0131<\/p>\n\n\n\n<p class=\"wp-block-paragraph\">Polis ekiplerinin y\u00fcr\u00fctt\u00fc\u011f\u00fc \u00e7al\u0131\u015fmalar sonucu olaya kar\u0131\u015ft\u0131\u011f\u0131 de\u011ferlendirilen \u015f\u00fcphelilerden birinin \u0130stanbul&#8217;da yakaland\u0131\u011f\u0131, di\u011fer \u015f\u00fcphelilerin de g\u00f6zalt\u0131na al\u0131nd\u0131\u011f\u0131 \u00f6\u011frenildi.<\/p>\n\n\n\n<p class=\"wp-block-paragraph\">\u00d6te yandan Kapakl\u0131 \u0130l\u00e7e Emniyet M\u00fcd\u00fcr\u00fc \u0130sa Demir de olay yerine gelerek incelemelerde bulundu. Olayla ilgili soru\u015fturma s\u00fcr\u00fcyor.<\/p>\n","protected":false},"excerpt":{"rendered":"<p>Tekirda\u011f&#8217;\u0131n Kapakl\u0131 il\u00e7esindeki fabrikada \u00e7\u0131kan kavgada 1 ki\u015fi hayat\u0131n\u0131 kaybetti, 1 ki\u015fi yaraland\u0131. Tekirda\u011f&#8216;\u0131n&nbsp;Kapakl\u0131&nbsp;il\u00e7esinde bir&#8230;<\/p>\n","protected":false},"author":1,"featured_media":2148,"comment_status":"closed","ping_status":"closed","sticky":false,"template":"","format":"standard","meta":{"footnotes":""},"categories":[7],"tags":[],"ppma_author":[57],"class_list":["post-2147","post","type-post","status-publish","format-standard","has-post-thumbnail","hentry","category-kapakli"],"authors":[{"term_id":57,"user_id":1,"is_guest":0,"slug":"admin","display_name":"Alp Aslan","avatar_url":"https:\/\/secure.gravatar.com\/avatar\/07c18c5ad3350b025db8f3328450e071acb435c703e565899c880c63362f137a?s=96&d=mm&r=g","author_category":"1","first_name":"Alp Aslan","last_name":"ER\u0130N","user_url":"http:\/\/www.gundem59.com.tr","job_title":"","description":""}],"_links":{"self":[{"href":"https:\/\/gundem59.com.tr\/index.php?rest_route=\/wp\/v2\/posts\/2147","targetHints":{"allow":["GET"]}}],"collection":[{"href":"https:\/\/gundem59.com.tr\/index.php?rest_route=\/wp\/v2\/posts"}],"about":[{"href":"https:\/\/gundem59.com.tr\/index.php?rest_route=\/wp\/v2\/types\/post"}],"author":[{"embeddable":true,"href":"https:\/\/gundem59.com.tr\/index.php?rest_route=\/wp\/v2\/users\/1"}],"replies":[{"embeddable":true,"href":"https:\/\/gundem59.com.tr\/index.php?rest_route=%2Fwp%2Fv2%2Fcomments&post=2147"}],"version-history":[{"count":1,"href":"https:\/\/gundem59.com.tr\/index.php?rest_route=\/wp\/v2\/posts\/2147\/revisions"}],"predecessor-version":[{"id":2149,"href":"https:\/\/gundem59.com.tr\/index.php?rest_route=\/wp\/v2\/posts\/2147\/revisions\/2149"}],"wp:featuredmedia":[{"embeddable":true,"href":"https:\/\/gundem59.com.tr\/index.php?rest_route=\/wp\/v2\/media\/2148"}],"wp:attachment":[{"href":"https:\/\/gundem59.com.tr\/index.php?rest_route=%2Fwp%2Fv2%2Fmedia&parent=2147"}],"wp:term":[{"taxonomy":"category","embeddable":true,"href":"https:\/\/gundem59.com.tr\/index.php?rest_route=%2Fwp%2Fv2%2Fcategories&post=2147"},{"taxonomy":"post_tag","embeddable":true,"href":"https:\/\/gundem59.com.tr\/index.php?rest_route=%2Fwp%2Fv2%2Ftags&post=2147"},{"taxonomy":"author","embeddable":true,"href":"https:\/\/gundem59.com.tr\/index.php?rest_route=%2Fwp%2Fv2%2Fppma_author&post=2147"}],"curies":[{"name":"wp","href":"https:\/\/api.w.org\/{rel}","templated":true}]}}