{"id":2144,"date":"2026-06-18T19:23:46","date_gmt":"2026-06-18T19:23:46","guid":{"rendered":"https:\/\/gundem59.com.tr\/?p=2144"},"modified":"2026-06-18T19:24:28","modified_gmt":"2026-06-18T19:24:28","slug":"tekirdagda-takla-atan-aracta-2-yarali","status":"publish","type":"post","link":"https:\/\/gundem59.com.tr\/?p=2144","title":{"rendered":"Tekirda\u011f&#8217;da Takla Atan Ara\u00e7ta 2 Yaral\u0131"},"content":{"rendered":"\n<p class=\"wp-block-paragraph\">S\u00fcleymanpa\u015fa&#8217;da kontrolden \u00e7\u0131kan otomobil takla att\u0131, 1&#8217;i a\u011f\u0131r 2 ki\u015fi yaraland\u0131, s\u00fcr\u00fcc\u00fc g\u00f6zalt\u0131na al\u0131nd\u0131.<\/p>\n\n\n\n<p class=\"wp-block-paragraph\"><a href=\"https:\/\/www.sondakika.com\/tekirdag\/\">Tekirda\u011f<\/a>&#8216;\u0131n S\u00fcleymanpa\u015fa il\u00e7esinde kontrolden \u00e7\u0131kan otomobilin takla atarak kar\u015f\u0131 \u015feride ge\u00e7ti\u011fi kazada 1&#8217;i a\u011f\u0131r 2 ki\u015fi yaraland\u0131. \u015eerit ihlali yaparak kazaya sebep olmaktan g\u00f6zalt\u0131na al\u0131nan s\u00fcr\u00fcc\u00fc ise, jandarma arac\u0131nda bayg\u0131nl\u0131k ge\u00e7irince hastaneye kald\u0131r\u0131ld\u0131.<\/p>\n\n\n\n<p class=\"wp-block-paragraph\">Kaza, ge\u00e7ti\u011fimiz pazar g\u00fcn\u00fc D110 Karayolu Bar\u0131\u015f Camping mevkisinde meydana geldi. Edinilen bilgilere g\u00f6re, \u0130stanbul&#8217;dan Tekirda\u011f istikametine seyir eden O.E. y\u00f6netimindeki 59 ZZ 288 plakal\u0131 otomobil, s\u00fcr\u00fcc\u00fcn\u00fcn direksiyon hakimiyetini kaybetmesi sonucu ref\u00fcje \u00e7arp\u0131p takla atarak kar\u015f\u0131 \u015feride ge\u00e7ti. \u0130hbar \u00fczerine b\u00f6lgeye jandarma ve sa\u011fl\u0131k ekipleri sevk edildi. Kazada s\u00fcr\u00fcc\u00fc O.E. ile ara\u00e7ta bulunan G.E. yaraland\u0131. Yaral\u0131lar, sa\u011fl\u0131k ekiplerinin olay yerindeki ilk m\u00fcdahalesinin ard\u0131ndan Nam\u0131k Kemal \u00dcniversitesi Hastanesine kald\u0131r\u0131larak tedavi alt\u0131na al\u0131nd\u0131. Yaral\u0131lardan O.E.&#8217;nin hayati tehlikesinin bulunmad\u0131\u011f\u0131, G.E.&#8217;nin ise hayati tehlikesinin oldu\u011fu \u00f6\u011frenildi.<\/p>\n\n\n\n<p class=\"wp-block-paragraph\">Kamera g\u00f6r\u00fcnt\u00fclerinin incelenmesi sonucu kazan\u0131n 34 TN 2160 plakal\u0131 arac\u0131n s\u00fcr\u00fcc\u00fcs\u00fc \u0130.K.&#8217;nin kontrols\u00fcz \u015ferit de\u011fi\u015fikli\u011fi yapmas\u0131 nedeniyle meydana geldi\u011fi tespit edildi. Kaza nedeniyle trafik bir s\u00fcre sa\u011f \u015feritten kontroll\u00fc olarak sa\u011flan\u0131rken, savc\u0131n\u0131n talimat\u0131 do\u011frultusunda s\u00fcr\u00fcc\u00fc \u0130.K. jandarma ekiplerince g\u00f6zalt\u0131na al\u0131nd\u0131. \u0130.K.&#8217;n\u0131n yolda \u015foka girip bayg\u0131nl\u0131k ge\u00e7irmesi \u00fczerine jandarma ekipleri arac\u0131 sa\u011fa \u00e7ekip, 112&#8217;den sa\u011fl\u0131k ekibi g\u00f6nderilmesini istedi. Kelep\u00e7eleri \u00e7\u00f6z\u00fcl\u00fcp orta koltu\u011fa al\u0131nan \u015fah\u0131s, olay yerine gelen ambulansla hastaneye sevk edildi. S\u00fcr\u00fcc\u00fcn\u00fcn herhangi bir maddenin tesirinde olup olmad\u0131\u011f\u0131n\u0131n yap\u0131lacak testler neticesinde belli olaca\u011f\u0131 belirtildi.<\/p>\n\n\n\n<p class=\"wp-block-paragraph\">Olayla ilgili ba\u015flat\u0131lan soru\u015fturma s\u00fcr\u00fcyor.<\/p>\n","protected":false},"excerpt":{"rendered":"<p>S\u00fcleymanpa\u015fa&#8217;da kontrolden \u00e7\u0131kan otomobil takla att\u0131, 1&#8217;i a\u011f\u0131r 2 ki\u015fi yaraland\u0131, s\u00fcr\u00fcc\u00fc g\u00f6zalt\u0131na al\u0131nd\u0131. Tekirda\u011f&#8216;\u0131n&#8230;<\/p>\n","protected":false},"author":1,"featured_media":2145,"comment_status":"closed","ping_status":"closed","sticky":false,"template":"","format":"standard","meta":{"footnotes":""},"categories":[14],"tags":[],"ppma_author":[57],"class_list":["post-2144","post","type-post","status-publish","format-standard","has-post-thumbnail","hentry","category-suleymanpasa"],"authors":[{"term_id":57,"user_id":1,"is_guest":0,"slug":"admin","display_name":"Alp Aslan","avatar_url":"https:\/\/secure.gravatar.com\/avatar\/07c18c5ad3350b025db8f3328450e071acb435c703e565899c880c63362f137a?s=96&d=mm&r=g","author_category":"1","first_name":"Alp Aslan","last_name":"ER\u0130N","user_url":"http:\/\/www.gundem59.com.tr","job_title":"","description":""}],"_links":{"self":[{"href":"https:\/\/gundem59.com.tr\/index.php?rest_route=\/wp\/v2\/posts\/2144","targetHints":{"allow":["GET"]}}],"collection":[{"href":"https:\/\/gundem59.com.tr\/index.php?rest_route=\/wp\/v2\/posts"}],"about":[{"href":"https:\/\/gundem59.com.tr\/index.php?rest_route=\/wp\/v2\/types\/post"}],"author":[{"embeddable":true,"href":"https:\/\/gundem59.com.tr\/index.php?rest_route=\/wp\/v2\/users\/1"}],"replies":[{"embeddable":true,"href":"https:\/\/gundem59.com.tr\/index.php?rest_route=%2Fwp%2Fv2%2Fcomments&post=2144"}],"version-history":[{"count":1,"href":"https:\/\/gundem59.com.tr\/index.php?rest_route=\/wp\/v2\/posts\/2144\/revisions"}],"predecessor-version":[{"id":2146,"href":"https:\/\/gundem59.com.tr\/index.php?rest_route=\/wp\/v2\/posts\/2144\/revisions\/2146"}],"wp:featuredmedia":[{"embeddable":true,"href":"https:\/\/gundem59.com.tr\/index.php?rest_route=\/wp\/v2\/media\/2145"}],"wp:attachment":[{"href":"https:\/\/gundem59.com.tr\/index.php?rest_route=%2Fwp%2Fv2%2Fmedia&parent=2144"}],"wp:term":[{"taxonomy":"category","embeddable":true,"href":"https:\/\/gundem59.com.tr\/index.php?rest_route=%2Fwp%2Fv2%2Fcategories&post=2144"},{"taxonomy":"post_tag","embeddable":true,"href":"https:\/\/gundem59.com.tr\/index.php?rest_route=%2Fwp%2Fv2%2Ftags&post=2144"},{"taxonomy":"author","embeddable":true,"href":"https:\/\/gundem59.com.tr\/index.php?rest_route=%2Fwp%2Fv2%2Fppma_author&post=2144"}],"curies":[{"name":"wp","href":"https:\/\/api.w.org\/{rel}","templated":true}]}}