{"id":2132,"date":"2026-06-17T20:49:35","date_gmt":"2026-06-17T20:49:35","guid":{"rendered":"https:\/\/gundem59.com.tr\/?p=2132"},"modified":"2026-06-17T20:49:36","modified_gmt":"2026-06-17T20:49:36","slug":"tekirdagda-kurakliga-karsi-yeni-hamle-deniz-suyu-aritilacak","status":"publish","type":"post","link":"https:\/\/gundem59.com.tr\/?p=2132","title":{"rendered":"Tekirda\u011f&#8217;da kurakl\u0131\u011fa kar\u015f\u0131 yeni hamle: Deniz suyu ar\u0131t\u0131lacak"},"content":{"rendered":"\n<p class=\"wp-block-paragraph\">Tekirda\u011f B\u00fcy\u00fck\u015fehir Belediyesi ve TESK\u0130, yaz aylar\u0131nda n\u00fcfusu katlanan sahil b\u00f6lgelerindeki su ihtiyac\u0131n\u0131 kar\u015f\u0131lamak i\u00e7in deniz suyu ar\u0131tma projesi haz\u0131rlad\u0131. Marmaraere\u011flisi&#8217;nde yaz n\u00fcfusu 30 binden 500 bine \u00e7\u0131k\u0131yor.<\/p>\n\n\n\n<p class=\"wp-block-paragraph\"><a href=\"https:\/\/www.sondakika.com\/tekirdag-buyuksehir-belediyesi\/\">Tekirda\u011f B\u00fcy\u00fck\u015fehir Belediyesi<\/a>&nbsp;ve Tekirda\u011f Su ve Kanalizasyon \u0130daresi (TESK\u0130) Genel M\u00fcd\u00fcrl\u00fc\u011f\u00fc taraf\u0131ndan haz\u0131rlanan deniz suyu ar\u0131tma projesi ile \u00f6zellikle yaz aylar\u0131nda n\u00fcfusu katlanan sahil b\u00f6lgelerindeki su ihtiyac\u0131n\u0131n kar\u015f\u0131lanmas\u0131 hedefleniyor.<\/p>\n\n\n\n<p class=\"wp-block-paragraph\">Tekirda\u011f B\u00fcy\u00fck\u015fehir Belediye Ba\u015fkan\u0131 Candan Y\u00fcceer, d\u00fczenledi\u011fi bas\u0131n toplant\u0131s\u0131nda kentin su kaynaklar\u0131, kurakl\u0131kla m\u00fccadele ve planlanan deniz suyu ar\u0131tma projesi hakk\u0131nda a\u00e7\u0131klamalarda bulundu. Tekirda\u011f&#8217;\u0131n son y\u0131llarda kurakl\u0131k tehdidiyle kar\u015f\u0131 kar\u015f\u0131ya kald\u0131\u011f\u0131n\u0131 belirten Y\u00fcceer, ge\u00e7en y\u0131l kritik seviyelere gerileyen su kaynaklar\u0131n\u0131n bu y\u0131l al\u0131nan ya\u011f\u0131\u015flarla bir miktar rahatlad\u0131\u011f\u0131n\u0131 s\u00f6yledi. Naip Baraj\u0131&#8217;n\u0131n doluluk oran\u0131n\u0131n ge\u00e7en y\u0131l y\u00fczde 1&#8217;in alt\u0131na kadar d\u00fc\u015ft\u00fc\u011f\u00fcn\u00fc hat\u0131rlatan Y\u00fcceer, bug\u00fcn itibar\u0131yla doluluk oran\u0131n\u0131n y\u00fczde 21 seviyelerine ula\u015ft\u0131\u011f\u0131n\u0131, T\u00fcrkmenli G\u00f6leti&#8217;nin ise y\u00fczde 14 seviyelerinde bulundu\u011funu ifade etti. Mevcut su kaynaklar\u0131ndaki iyile\u015fmenin tek ba\u015f\u0131na yeterli olmad\u0131\u011f\u0131n\u0131 vurgulayan Y\u00fcceer, suya ve altyap\u0131ya yap\u0131lan yat\u0131r\u0131mlar\u0131n gelece\u011fe yap\u0131lan yat\u0131r\u0131mlar oldu\u011funu belirtti. \u00d6zellikle yaz aylar\u0131nda n\u00fcfusun katlanarak artt\u0131\u011f\u0131 sahil b\u00f6lgelerinde yeni su kaynaklar\u0131na ihtiya\u00e7 duyuldu\u011funu dile getiren Y\u00fcceer, deniz suyu ar\u0131tma projesinin bu kapsamda haz\u0131rland\u0131\u011f\u0131n\u0131 a\u00e7\u0131klad\u0131.<\/p>\n\n\n\n<p class=\"wp-block-paragraph\">30 bin n\u00fcfuslu il\u00e7e yaz\u0131n yar\u0131m milyona \u00e7\u0131k\u0131yor<\/p>\n\n\n\n<p class=\"wp-block-paragraph\"><a href=\"https:\/\/www.sondakika.com\/marmaraereglisi\/\">Marmaraere\u011flisi<\/a>&#8216;nin normal \u015fartlarda yakla\u015f\u0131k 30 bin n\u00fcfusa sahip oldu\u011funu ancak yaz d\u00f6neminde bu say\u0131n\u0131n 500 bine kadar ula\u015ft\u0131\u011f\u0131n\u0131 belirten Y\u00fcceer, artan talebin mevcut altyap\u0131 \u00fczerinde ciddi bask\u0131 olu\u015fturdu\u011funu kaydetti. Kentteki eski i\u00e7me suyu hatlar\u0131n\u0131n yo\u011fun kullan\u0131m nedeniyle zaman zaman yetersiz kald\u0131\u011f\u0131n\u0131 ifade eden Y\u00fcceer, &#8220;Deniz suyunu ar\u0131tmak i\u00e7in \u00e7al\u0131\u015f\u0131yoruz. \u00d6zellikle sahil n\u00fcfusumuz yaz\u0131n on kat\u0131na \u00e7\u0131k\u0131yor. Bu noktada \u00f6zellikle yaz n\u00fcfusumuzun artt\u0131\u011f\u0131 sahil \u015feritlerimiz ba\u015fta olmak \u00fczere Kumba\u011f&#8217;da 2 bin metrek\u00fcpl\u00fck, Marmaraere\u011flisi il\u00e7emizde de 10 bin metrek\u00fcpl\u00fck deniz suyu ar\u0131tma projelerimizi haz\u0131rlad\u0131k. Onaylar\u0131m\u0131z i\u00e7in bakanl\u0131klar\u0131m\u0131za g\u00f6nderdik. Onlardan gelecek cevaba g\u00f6re de hareket ediyoruz&#8221; dedi.<\/p>\n\n\n\n<p class=\"wp-block-paragraph\">Haz\u0131rlanan projelerin hayata ge\u00e7irilmesiyle \u00f6zellikle yaz aylar\u0131nda su ihtiyac\u0131n\u0131n kar\u015f\u0131lanmas\u0131 ve mevcut kaynaklar \u00fczerindeki bask\u0131n\u0131n azalt\u0131lmas\u0131 hedefleniyor. &#8211; TEK\u0130RDA\u011e<\/p>\n","protected":false},"excerpt":{"rendered":"<p>Tekirda\u011f B\u00fcy\u00fck\u015fehir Belediyesi ve TESK\u0130, yaz aylar\u0131nda n\u00fcfusu katlanan sahil b\u00f6lgelerindeki su ihtiyac\u0131n\u0131 kar\u015f\u0131lamak i\u00e7in&#8230;<\/p>\n","protected":false},"author":1,"featured_media":2133,"comment_status":"closed","ping_status":"closed","sticky":false,"template":"","format":"standard","meta":{"footnotes":""},"categories":[1],"tags":[],"ppma_author":[57],"class_list":["post-2132","post","type-post","status-publish","format-standard","has-post-thumbnail","hentry","category-tekirdag-gundemi"],"authors":[{"term_id":57,"user_id":1,"is_guest":0,"slug":"admin","display_name":"Alp Aslan","avatar_url":"https:\/\/secure.gravatar.com\/avatar\/07c18c5ad3350b025db8f3328450e071acb435c703e565899c880c63362f137a?s=96&d=mm&r=g","author_category":"1","first_name":"Alp Aslan","last_name":"ER\u0130N","user_url":"http:\/\/www.gundem59.com.tr","job_title":"","description":""}],"_links":{"self":[{"href":"https:\/\/gundem59.com.tr\/index.php?rest_route=\/wp\/v2\/posts\/2132","targetHints":{"allow":["GET"]}}],"collection":[{"href":"https:\/\/gundem59.com.tr\/index.php?rest_route=\/wp\/v2\/posts"}],"about":[{"href":"https:\/\/gundem59.com.tr\/index.php?rest_route=\/wp\/v2\/types\/post"}],"author":[{"embeddable":true,"href":"https:\/\/gundem59.com.tr\/index.php?rest_route=\/wp\/v2\/users\/1"}],"replies":[{"embeddable":true,"href":"https:\/\/gundem59.com.tr\/index.php?rest_route=%2Fwp%2Fv2%2Fcomments&post=2132"}],"version-history":[{"count":1,"href":"https:\/\/gundem59.com.tr\/index.php?rest_route=\/wp\/v2\/posts\/2132\/revisions"}],"predecessor-version":[{"id":2134,"href":"https:\/\/gundem59.com.tr\/index.php?rest_route=\/wp\/v2\/posts\/2132\/revisions\/2134"}],"wp:featuredmedia":[{"embeddable":true,"href":"https:\/\/gundem59.com.tr\/index.php?rest_route=\/wp\/v2\/media\/2133"}],"wp:attachment":[{"href":"https:\/\/gundem59.com.tr\/index.php?rest_route=%2Fwp%2Fv2%2Fmedia&parent=2132"}],"wp:term":[{"taxonomy":"category","embeddable":true,"href":"https:\/\/gundem59.com.tr\/index.php?rest_route=%2Fwp%2Fv2%2Fcategories&post=2132"},{"taxonomy":"post_tag","embeddable":true,"href":"https:\/\/gundem59.com.tr\/index.php?rest_route=%2Fwp%2Fv2%2Ftags&post=2132"},{"taxonomy":"author","embeddable":true,"href":"https:\/\/gundem59.com.tr\/index.php?rest_route=%2Fwp%2Fv2%2Fppma_author&post=2132"}],"curies":[{"name":"wp","href":"https:\/\/api.w.org\/{rel}","templated":true}]}}