{"id":2129,"date":"2026-06-17T20:47:06","date_gmt":"2026-06-17T20:47:06","guid":{"rendered":"https:\/\/gundem59.com.tr\/?p=2129"},"modified":"2026-06-17T20:47:07","modified_gmt":"2026-06-17T20:47:07","slug":"tekirdag-halk-danslari-ucuncu-kez-sampiyon","status":"publish","type":"post","link":"https:\/\/gundem59.com.tr\/?p=2129","title":{"rendered":"Tekirda\u011f Halk Danslar\u0131 \u00dc\u00e7\u00fcnc\u00fc Kez \u015eampiyon"},"content":{"rendered":"\n<p class=\"wp-block-paragraph\">Tekirda\u011f 3 Kemaller Halk Danslar\u0131, T\u00fcrkiye Finalleri&#8217;nde \u00fc\u00e7\u00fcnc\u00fc kez \u015fampiyon oldu. Kutlama yap\u0131ld\u0131.<\/p>\n\n\n\n<p class=\"wp-block-paragraph\">Gaziantep&#8217;te d\u00fczenlenen&nbsp;<a href=\"https:\/\/www.sondakika.com\/turkiye\/\">T\u00fcrkiye<\/a>&nbsp;Halk Oyunlar\u0131 Federasyonu T\u00fcrkiye Finalleri&#8217;nde \u015fampiyon olan&nbsp;<a href=\"https:\/\/www.sondakika.com\/tekirdag\/\">Tekirda\u011f<\/a>&nbsp;3 Kemaller Halk Danslar\u0131&nbsp;<a href=\"https:\/\/www.sondakika.com\/Spor\/\">Spor<\/a>&nbsp;Kul\u00fcb\u00fc, Tekirda\u011f&#8217;da davul zurna e\u015fli\u011finde kar\u015f\u0131land\u0131.<\/p>\n\n\n\n<p class=\"wp-block-paragraph\">B\u00fcy\u00fck Erkekler D\u00fczenlemesiz Dal\u0131&#8217;nda m\u00fccadele eden ekip, \u00fcst \u00fcste \u00fc\u00e7\u00fcnc\u00fc kez T\u00fcrkiye \u015fampiyonu olarak \u00f6nemli bir ba\u015far\u0131 elde etti.<\/p>\n\n\n\n<p class=\"wp-block-paragraph\">Trakya k\u00fclt\u00fcr\u00fcn\u00fc ve Tekirda\u011f&#8217;\u0131n y\u00f6resel de\u011ferlerini sahneye ta\u015f\u0131yan ekip, \u015fampiyonan\u0131n ard\u0131ndan kente d\u00f6nd\u00fc.<\/p>\n\n\n\n<p class=\"wp-block-paragraph\">Halk oyunlar\u0131 ekibi, Valilik \u00f6n\u00fcnde d\u00fczenlenen programda davul zurna e\u015fli\u011finde kar\u015f\u0131land\u0131.<\/p>\n\n\n\n<p class=\"wp-block-paragraph\">Kul\u00fcp sporcular\u0131 ve vatanda\u015flar, oynad\u0131klar\u0131 halk oyunlar\u0131yla \u015fampiyonlu\u011fu kutlad\u0131.<\/p>\n\n\n\n<p class=\"wp-block-paragraph\">3 Kemaller Halk Danslar\u0131 Spor Kul\u00fcb\u00fc E\u011fitmeni F\u0131rat Nalc\u0131o\u011flu, gazetecilere yapt\u0131\u011f\u0131 a\u00e7\u0131klamada, T\u00fcrkiye finallerine b\u00f6lgelerinde birinci olan 20 ilin kat\u0131ld\u0131\u011f\u0131n\u0131 s\u00f6yledi.<\/p>\n\n\n\n<p class=\"wp-block-paragraph\">Elde edilen ba\u015far\u0131n\u0131n Tekirda\u011f ad\u0131na gurur verici oldu\u011funu belirten Nalc\u0131o\u011flu, &#8220;Kul\u00fcb\u00fcm\u00fcz B\u00fcy\u00fck Erkekler D\u00fczenlemesiz Dal\u0131&#8217;nda T\u00fcrkiye \u015fampiyonu oldu. Bu ba\u015far\u0131y\u0131 \u00fcst \u00fcste \u00fc\u00e7\u00fcnc\u00fc kez elde ettik. Tekirda\u011f&#8217;\u0131 ve k\u00fclt\u00fcr\u00fcm\u00fcz\u00fc en iyi \u015fekilde temsil eden sporcular\u0131m\u0131z\u0131 kutluyorum.&#8221; dedi.<\/p>\n\n\n\n<p class=\"wp-block-paragraph\">Nalc\u0131o\u011flu, desteklerinden dolay\u0131 Tekirda\u011f Valisi Recep Soyt\u00fcrk&#8217;e te\u015fekk\u00fcr ederek, ba\u015far\u0131da eme\u011fi ge\u00e7en herkese minnettar olduklar\u0131n\u0131 ifade etti.<\/p>\n","protected":false},"excerpt":{"rendered":"<p>Tekirda\u011f 3 Kemaller Halk Danslar\u0131, T\u00fcrkiye Finalleri&#8217;nde \u00fc\u00e7\u00fcnc\u00fc kez \u015fampiyon oldu. Kutlama yap\u0131ld\u0131. Gaziantep&#8217;te d\u00fczenlenen&nbsp;T\u00fcrkiye&nbsp;Halk&#8230;<\/p>\n","protected":false},"author":1,"featured_media":2130,"comment_status":"closed","ping_status":"closed","sticky":false,"template":"","format":"standard","meta":{"footnotes":""},"categories":[1],"tags":[],"ppma_author":[57],"class_list":["post-2129","post","type-post","status-publish","format-standard","has-post-thumbnail","hentry","category-tekirdag-gundemi"],"authors":[{"term_id":57,"user_id":1,"is_guest":0,"slug":"admin","display_name":"Alp Aslan","avatar_url":"https:\/\/secure.gravatar.com\/avatar\/07c18c5ad3350b025db8f3328450e071acb435c703e565899c880c63362f137a?s=96&d=mm&r=g","author_category":"1","first_name":"Alp Aslan","last_name":"ER\u0130N","user_url":"http:\/\/www.gundem59.com.tr","job_title":"","description":""}],"_links":{"self":[{"href":"https:\/\/gundem59.com.tr\/index.php?rest_route=\/wp\/v2\/posts\/2129","targetHints":{"allow":["GET"]}}],"collection":[{"href":"https:\/\/gundem59.com.tr\/index.php?rest_route=\/wp\/v2\/posts"}],"about":[{"href":"https:\/\/gundem59.com.tr\/index.php?rest_route=\/wp\/v2\/types\/post"}],"author":[{"embeddable":true,"href":"https:\/\/gundem59.com.tr\/index.php?rest_route=\/wp\/v2\/users\/1"}],"replies":[{"embeddable":true,"href":"https:\/\/gundem59.com.tr\/index.php?rest_route=%2Fwp%2Fv2%2Fcomments&post=2129"}],"version-history":[{"count":1,"href":"https:\/\/gundem59.com.tr\/index.php?rest_route=\/wp\/v2\/posts\/2129\/revisions"}],"predecessor-version":[{"id":2131,"href":"https:\/\/gundem59.com.tr\/index.php?rest_route=\/wp\/v2\/posts\/2129\/revisions\/2131"}],"wp:featuredmedia":[{"embeddable":true,"href":"https:\/\/gundem59.com.tr\/index.php?rest_route=\/wp\/v2\/media\/2130"}],"wp:attachment":[{"href":"https:\/\/gundem59.com.tr\/index.php?rest_route=%2Fwp%2Fv2%2Fmedia&parent=2129"}],"wp:term":[{"taxonomy":"category","embeddable":true,"href":"https:\/\/gundem59.com.tr\/index.php?rest_route=%2Fwp%2Fv2%2Fcategories&post=2129"},{"taxonomy":"post_tag","embeddable":true,"href":"https:\/\/gundem59.com.tr\/index.php?rest_route=%2Fwp%2Fv2%2Ftags&post=2129"},{"taxonomy":"author","embeddable":true,"href":"https:\/\/gundem59.com.tr\/index.php?rest_route=%2Fwp%2Fv2%2Fppma_author&post=2129"}],"curies":[{"name":"wp","href":"https:\/\/api.w.org\/{rel}","templated":true}]}}