{"id":2123,"date":"2026-06-17T20:43:34","date_gmt":"2026-06-17T20:43:34","guid":{"rendered":"https:\/\/gundem59.com.tr\/?p=2123"},"modified":"2026-06-17T20:43:35","modified_gmt":"2026-06-17T20:43:35","slug":"tekirdagda-trafige-kayitli-arac-sayisi-393-bin-597","status":"publish","type":"post","link":"https:\/\/gundem59.com.tr\/?p=2123","title":{"rendered":"Tekirda\u011f&#8217;da Trafi\u011fe Kay\u0131tl\u0131 Ara\u00e7 Say\u0131s\u0131 393 Bin 597"},"content":{"rendered":"\n<p class=\"wp-block-paragraph\">Tekirda\u011f&#8217;da May\u0131s 2026 itibar\u0131yla trafi\u011fe kay\u0131tl\u0131 motorlu kara ta\u015f\u0131t\u0131 say\u0131s\u0131 393 bin 597 oldu.<\/p>\n\n\n\n<p class=\"wp-block-paragraph\"><a href=\"https:\/\/www.sondakika.com\/tekirdag\/\">Tekirda\u011f<\/a>&#8216;da May\u0131s 2026 itibar\u0131yla trafi\u011fe kay\u0131tl\u0131 motorlu kara ta\u015f\u0131t\u0131 say\u0131s\u0131 393 bin 597 olarak kay\u0131tlara ge\u00e7ti.<\/p>\n\n\n\n<p class=\"wp-block-paragraph\">T\u00fcrkiye \u0130statistik Kurumu taraf\u0131ndan a\u00e7\u0131klanan 2026 y\u0131l\u0131 May\u0131s ay\u0131 Motorlu Kara Ta\u015f\u0131tlar\u0131 \u0130statistiklerine g\u00f6re, Tekirda\u011f&#8217;da trafi\u011fe kay\u0131tl\u0131 motorlu kara ta\u015f\u0131t\u0131 say\u0131s\u0131 393 bin 597 oldu.<\/p>\n\n\n\n<p class=\"wp-block-paragraph\">Kentte kay\u0131tl\u0131 ara\u00e7lar\u0131n 196 bin 278&#8217;ini otomobil, 79 bin 761&#8217;ini motosiklet, 56 bin 182&#8217;sini kamyonet, 34 bin 838&#8217;ini trakt\u00f6r, 13 bin 138&#8217;ini kamyon, 6 bin 483&#8217;\u00fcn\u00fc minib\u00fcs, 5 bin 454&#8217;\u00fcn\u00fc otob\u00fcs ve bin 463&#8217;\u00fcn\u00fc \u00f6zel ama\u00e7l\u0131 ta\u015f\u0131tlar olu\u015fturdu.<\/p>\n\n\n\n<p class=\"wp-block-paragraph\">T\u00fcrkiye genelinde ise may\u0131s ay\u0131 sonu itibar\u0131yla trafi\u011fe kay\u0131tl\u0131 toplam ta\u015f\u0131t say\u0131s\u0131 34 milyon 361 bin 85 olarak a\u00e7\u0131kland\u0131. May\u0131s ay\u0131nda trafi\u011fe kayd\u0131 yap\u0131lan ta\u015f\u0131tlar\u0131n y\u00fczde 47,5&#8217;ini otomobil, y\u00fczde 37,2&#8217;sini motosiklet, y\u00fczde 11&#8217;ini kamyonet, y\u00fczde 1,7&#8217;sini trakt\u00f6r, y\u00fczde 1,6&#8217;s\u0131n\u0131 kamyon, y\u00fczde 0,5&#8217;ini minib\u00fcs, y\u00fczde 0,4&#8217;\u00fcn\u00fc otob\u00fcs ve y\u00fczde 0,1&#8217;ini \u00f6zel ama\u00e7l\u0131 ta\u015f\u0131tlar olu\u015fturdu.<\/p>\n\n\n\n<p class=\"wp-block-paragraph\">\u00d6te yandan Tekirda\u011f&#8217;da may\u0131s ay\u0131nda toplam 8 bin 8 ta\u015f\u0131t\u0131n devri ger\u00e7ekle\u015ftirildi. Noterler arac\u0131l\u0131\u011f\u0131yla yap\u0131lan devir i\u015flemlerinde 5 bin 106 otomobil, bin 170 kamyonet, bin 60 motosiklet, 324 trakt\u00f6r, 129 kamyon, 120 minib\u00fcs, 89 otob\u00fcs ve 10 \u00f6zel ama\u00e7l\u0131 ta\u015f\u0131t el de\u011fi\u015ftirdi. &#8211; TEK\u0130RDA\u011e<\/p>\n","protected":false},"excerpt":{"rendered":"<p>Tekirda\u011f&#8217;da May\u0131s 2026 itibar\u0131yla trafi\u011fe kay\u0131tl\u0131 motorlu kara ta\u015f\u0131t\u0131 say\u0131s\u0131 393 bin 597 oldu. Tekirda\u011f&#8216;da&#8230;<\/p>\n","protected":false},"author":1,"featured_media":2124,"comment_status":"closed","ping_status":"closed","sticky":false,"template":"","format":"standard","meta":{"footnotes":""},"categories":[1],"tags":[],"ppma_author":[57],"class_list":["post-2123","post","type-post","status-publish","format-standard","has-post-thumbnail","hentry","category-tekirdag-gundemi"],"authors":[{"term_id":57,"user_id":1,"is_guest":0,"slug":"admin","display_name":"Alp Aslan","avatar_url":"https:\/\/secure.gravatar.com\/avatar\/07c18c5ad3350b025db8f3328450e071acb435c703e565899c880c63362f137a?s=96&d=mm&r=g","author_category":"1","first_name":"Alp Aslan","last_name":"ER\u0130N","user_url":"http:\/\/www.gundem59.com.tr","job_title":"","description":""}],"_links":{"self":[{"href":"https:\/\/gundem59.com.tr\/index.php?rest_route=\/wp\/v2\/posts\/2123","targetHints":{"allow":["GET"]}}],"collection":[{"href":"https:\/\/gundem59.com.tr\/index.php?rest_route=\/wp\/v2\/posts"}],"about":[{"href":"https:\/\/gundem59.com.tr\/index.php?rest_route=\/wp\/v2\/types\/post"}],"author":[{"embeddable":true,"href":"https:\/\/gundem59.com.tr\/index.php?rest_route=\/wp\/v2\/users\/1"}],"replies":[{"embeddable":true,"href":"https:\/\/gundem59.com.tr\/index.php?rest_route=%2Fwp%2Fv2%2Fcomments&post=2123"}],"version-history":[{"count":1,"href":"https:\/\/gundem59.com.tr\/index.php?rest_route=\/wp\/v2\/posts\/2123\/revisions"}],"predecessor-version":[{"id":2125,"href":"https:\/\/gundem59.com.tr\/index.php?rest_route=\/wp\/v2\/posts\/2123\/revisions\/2125"}],"wp:featuredmedia":[{"embeddable":true,"href":"https:\/\/gundem59.com.tr\/index.php?rest_route=\/wp\/v2\/media\/2124"}],"wp:attachment":[{"href":"https:\/\/gundem59.com.tr\/index.php?rest_route=%2Fwp%2Fv2%2Fmedia&parent=2123"}],"wp:term":[{"taxonomy":"category","embeddable":true,"href":"https:\/\/gundem59.com.tr\/index.php?rest_route=%2Fwp%2Fv2%2Fcategories&post=2123"},{"taxonomy":"post_tag","embeddable":true,"href":"https:\/\/gundem59.com.tr\/index.php?rest_route=%2Fwp%2Fv2%2Ftags&post=2123"},{"taxonomy":"author","embeddable":true,"href":"https:\/\/gundem59.com.tr\/index.php?rest_route=%2Fwp%2Fv2%2Fppma_author&post=2123"}],"curies":[{"name":"wp","href":"https:\/\/api.w.org\/{rel}","templated":true}]}}