{"id":2117,"date":"2026-06-17T20:38:35","date_gmt":"2026-06-17T20:38:35","guid":{"rendered":"https:\/\/gundem59.com.tr\/?p=2117"},"modified":"2026-06-17T20:38:38","modified_gmt":"2026-06-17T20:38:38","slug":"vali-soyturk-hastaneye-ziyaret-ve-taziye","status":"publish","type":"post","link":"https:\/\/gundem59.com.tr\/?p=2117","title":{"rendered":"Vali Soyt\u00fcrk Hastaneye Ziyaret ve Taziye"},"content":{"rendered":"\n<p class=\"wp-block-paragraph\">Tekirda\u011f Valisi Recep Soyt\u00fcrk, \u00c7erkezk\u00f6y Devlet Hastanesini ziyaret ederek ba\u011f\u0131\u015fta bulunan hay\u0131rsevere te\u015fekk\u00fcr etti.<\/p>\n\n\n\n<p class=\"wp-block-paragraph\"><a href=\"https:\/\/www.sondakika.com\/tekirdag\/\">Tekirda\u011f<\/a>&nbsp;Valisi&nbsp;<a href=\"https:\/\/www.sondakika.com\/recep-soyturk\/\">Recep Soyt\u00fcrk<\/a>,&nbsp;<a href=\"https:\/\/www.sondakika.com\/cerkezkoy-2\/\">\u00c7erkezk\u00f6y<\/a>&nbsp;Devlet Hastanesini ziyaret ederek incelemelerde bulundu.<\/p>\n\n\n\n<p class=\"wp-block-paragraph\">Hastanede y\u00fcr\u00fct\u00fclen \u00e7al\u0131\u015fmalar hakk\u0131nda \u00c7erkezk\u00f6y Devlet Hastanesi Ba\u015fhekimi G\u00f6khan \u00d6zdemir&#8217;den bilgi alan Soyt\u00fcrk, sa\u011fl\u0131k hizmetleriyle ilgili de\u011ferlendirmelerde bulundu.<\/p>\n\n\n\n<p class=\"wp-block-paragraph\">Ziyaret kapsam\u0131nda, hastaneye ultrasonografi cihaz\u0131 ba\u011f\u0131\u015f\u0131nda bulunan hay\u0131rsever Tijen Tus\u00e7uo\u011flu Alkan&#8217;a sa\u011fl\u0131k alan\u0131na sundu\u011fu katk\u0131lar dolay\u0131s\u0131yla te\u015fekk\u00fcr belgesi verildi.<\/p>\n\n\n\n<p class=\"wp-block-paragraph\">Soyt\u00fcrk, ba\u011f\u0131\u015f\u0131n sa\u011fl\u0131k hizmetlerinin kalitesine katk\u0131 sa\u011flayaca\u011f\u0131n\u0131 belirterek Alkan&#8217;a desteklerinden dolay\u0131 te\u015fekk\u00fcr etti.<\/p>\n\n\n\n<p class=\"wp-block-paragraph\">Ziyarette \u00c7erkezk\u00f6y Kaymakam\u0131 Nazmi G\u00fcnl\u00fc, \u0130l&nbsp;<a href=\"https:\/\/www.sondakika.com\/saglik\/\">Sa\u011fl\u0131k<\/a>&nbsp;M\u00fcd\u00fcr\u00fc L\u00fctfi \u00c7a\u011fatay Onar ile \u00c7erkezk\u00f6y Ticaret ve Sanayi Odas\u0131 Ba\u015fkan\u0131 Ahmet \u00c7etin de yer ald\u0131.<\/p>\n\n\n\n<p class=\"wp-block-paragraph\">-Vali Soyt\u00fcrk&#8217;ten&nbsp;<a href=\"https:\/\/www.sondakika.com\/kibris\/\">K\u0131br\u0131s<\/a>&nbsp;gazisinin ailesine taziye ziyareti<\/p>\n\n\n\n<p class=\"wp-block-paragraph\">Tekirda\u011f Valisi Recep Soyt\u00fcrk, \u00c7erkezk\u00f6y il\u00e7esinde hayat\u0131n\u0131 kaybeden K\u0131br\u0131s Gazisi H\u00fcseyin Dalg\u0131\u00e7&#8217;\u0131n ailesine taziye ziyaretinde bulundu.<\/p>\n\n\n\n<p class=\"wp-block-paragraph\">Valilikten yap\u0131lan a\u00e7\u0131klamaya g\u00f6re Soyt\u00fcrk, 7 Haziran&#8217;da vefat eden gazi H\u00fcseyin Dalg\u0131\u00e7&#8217;\u0131n ailesini evlerinde ziyaret etti.<\/p>\n\n\n\n<p class=\"wp-block-paragraph\">Merhum gaziye Allah&#8217;tan rahmet dileyen Soyt\u00fcrk, aile fertlerine ba\u015fsa\u011fl\u0131\u011f\u0131 ve sab\u0131r temennisinde bulundu.<\/p>\n\n\n\n<p class=\"wp-block-paragraph\">Ziyarette, \u00c7erkezk\u00f6y Kaymakam\u0131 Nazmi G\u00fcnl\u00fc, \u00c7erkezk\u00f6y Cumhuriyet Ba\u015fsavc\u0131s\u0131 Cihat Y\u0131lmaz ile \u00c7erkezk\u00f6y Ticaret ve Sanayi Odas\u0131 Ba\u015fkan\u0131 Ahmet \u00c7etin de yer ald\u0131.<\/p>\n\n\n\n<p class=\"wp-block-paragraph\">-Tekirda\u011f&#8217;da manevi destek semineri d\u00fczenlendi<\/p>\n\n\n\n<p class=\"wp-block-paragraph\">Tekirda\u011f M\u00fcft\u00fcl\u00fc\u011f\u00fcnce, afet ve acil durumlarda g\u00f6rev alacak personelin bilgi ve fark\u0131ndal\u0131\u011f\u0131n\u0131 art\u0131rmak amac\u0131yla &#8220;Zor Zamanlarda G\u00fc\u00e7l\u00fc Bir El: Manevi Destek&#8221; semineri ger\u00e7ekle\u015ftirildi.<\/p>\n\n\n\n<p class=\"wp-block-paragraph\">\u0130l M\u00fcft\u00fcl\u00fc\u011f\u00fc Konferans Salonu&#8217;nda d\u00fczenlenen seminerde, afet ve acil durumlarda y\u00fcr\u00fct\u00fclen manevi dan\u0131\u015fmanl\u0131k ve rehberlik faaliyetleri ele al\u0131nd\u0131.<\/p>\n\n\n\n<p class=\"wp-block-paragraph\">Programda, afet s\u00fcre\u00e7lerinde vatanda\u015flara sunulan manevi destek hizmetleri, kurumlar aras\u0131 i\u015f birli\u011fi \u00e7al\u0131\u015fmalar\u0131 ve sahada edinilen tecr\u00fcbeler kat\u0131l\u0131mc\u0131larla payla\u015f\u0131ld\u0131.<\/p>\n\n\n\n<p class=\"wp-block-paragraph\">Seminerde Tekirda\u011f \u0130l M\u00fcft\u00fcs\u00fc Mustafa Bilgi\u00e7, AFAD \u0130l Uzman\u0131 Taner Albayrak, \u0130l Vaizi Osman \u00d6zaslan ve manevi destek personeli Behzat Zeytin konu\u015fmac\u0131 olarak yer ald\u0131.<\/p>\n","protected":false},"excerpt":{"rendered":"<p>Tekirda\u011f Valisi Recep Soyt\u00fcrk, \u00c7erkezk\u00f6y Devlet Hastanesini ziyaret ederek ba\u011f\u0131\u015fta bulunan hay\u0131rsevere te\u015fekk\u00fcr etti. Tekirda\u011f&nbsp;Valisi&nbsp;Recep&#8230;<\/p>\n","protected":false},"author":1,"featured_media":2118,"comment_status":"closed","ping_status":"closed","sticky":false,"template":"","format":"standard","meta":{"footnotes":""},"categories":[1],"tags":[],"ppma_author":[57],"class_list":["post-2117","post","type-post","status-publish","format-standard","has-post-thumbnail","hentry","category-tekirdag-gundemi"],"authors":[{"term_id":57,"user_id":1,"is_guest":0,"slug":"admin","display_name":"Alp Aslan","avatar_url":"https:\/\/secure.gravatar.com\/avatar\/07c18c5ad3350b025db8f3328450e071acb435c703e565899c880c63362f137a?s=96&d=mm&r=g","author_category":"1","first_name":"Alp Aslan","last_name":"ER\u0130N","user_url":"http:\/\/www.gundem59.com.tr","job_title":"","description":""}],"_links":{"self":[{"href":"https:\/\/gundem59.com.tr\/index.php?rest_route=\/wp\/v2\/posts\/2117","targetHints":{"allow":["GET"]}}],"collection":[{"href":"https:\/\/gundem59.com.tr\/index.php?rest_route=\/wp\/v2\/posts"}],"about":[{"href":"https:\/\/gundem59.com.tr\/index.php?rest_route=\/wp\/v2\/types\/post"}],"author":[{"embeddable":true,"href":"https:\/\/gundem59.com.tr\/index.php?rest_route=\/wp\/v2\/users\/1"}],"replies":[{"embeddable":true,"href":"https:\/\/gundem59.com.tr\/index.php?rest_route=%2Fwp%2Fv2%2Fcomments&post=2117"}],"version-history":[{"count":1,"href":"https:\/\/gundem59.com.tr\/index.php?rest_route=\/wp\/v2\/posts\/2117\/revisions"}],"predecessor-version":[{"id":2119,"href":"https:\/\/gundem59.com.tr\/index.php?rest_route=\/wp\/v2\/posts\/2117\/revisions\/2119"}],"wp:featuredmedia":[{"embeddable":true,"href":"https:\/\/gundem59.com.tr\/index.php?rest_route=\/wp\/v2\/media\/2118"}],"wp:attachment":[{"href":"https:\/\/gundem59.com.tr\/index.php?rest_route=%2Fwp%2Fv2%2Fmedia&parent=2117"}],"wp:term":[{"taxonomy":"category","embeddable":true,"href":"https:\/\/gundem59.com.tr\/index.php?rest_route=%2Fwp%2Fv2%2Fcategories&post=2117"},{"taxonomy":"post_tag","embeddable":true,"href":"https:\/\/gundem59.com.tr\/index.php?rest_route=%2Fwp%2Fv2%2Ftags&post=2117"},{"taxonomy":"author","embeddable":true,"href":"https:\/\/gundem59.com.tr\/index.php?rest_route=%2Fwp%2Fv2%2Fppma_author&post=2117"}],"curies":[{"name":"wp","href":"https:\/\/api.w.org\/{rel}","templated":true}]}}