{"id":2111,"date":"2026-06-17T00:21:14","date_gmt":"2026-06-17T00:21:14","guid":{"rendered":"https:\/\/gundem59.com.tr\/?p=2111"},"modified":"2026-06-17T00:21:15","modified_gmt":"2026-06-17T00:21:15","slug":"corlu-kalesi-kazi-protokolu-yenilendi","status":"publish","type":"post","link":"https:\/\/gundem59.com.tr\/?p=2111","title":{"rendered":"\u00c7orlu Kalesi Kaz\u0131 Protokol\u00fc Yenilendi"},"content":{"rendered":"\n<p class=\"wp-block-paragraph\">\u00c7orlu Belediyesi ve Tekirda\u011f \u0130l K\u00fclt\u00fcr M\u00fcd\u00fcrl\u00fc\u011f\u00fc, \u00c7orlu Kalesi kaz\u0131 \u00e7al\u0131\u015fmalar\u0131 i\u00e7in protokol imzalad\u0131.<\/p>\n\n\n\n<p class=\"wp-block-paragraph\"><a href=\"https:\/\/www.sondakika.com\/corlu-belediyesi\/\">\u00c7orlu Belediyesi<\/a>&nbsp;ile&nbsp;<a href=\"https:\/\/www.sondakika.com\/tekirdag\/\">Tekirda\u011f<\/a>&nbsp;\u0130l&nbsp;<a href=\"https:\/\/www.sondakika.com\/kultur\/\">K\u00fclt\u00fcr<\/a>&nbsp;ve&nbsp;<a href=\"https:\/\/www.sondakika.com\/turizm\/\">Turizm<\/a>&nbsp;M\u00fcd\u00fcrl\u00fc\u011f\u00fc aras\u0131nda \u00c7orlu Kalesi&#8217;nde y\u00fcr\u00fct\u00fclen kurtarma kaz\u0131s\u0131 \u00e7al\u0131\u015fmalar\u0131na ili\u015fkin i\u015f birli\u011fi protokol\u00fc yenilendi.<\/p>\n\n\n\n<p class=\"wp-block-paragraph\">Belediye binas\u0131nda d\u00fczenlenen imza t\u00f6reninde, \u00c7orlu Belediye Ba\u015fkan\u0131&nbsp;<a href=\"https:\/\/www.sondakika.com\/ahmet-sarikurt\/\">Ahmet Sar\u0131kurt<\/a>&nbsp;ile Tekirda\u011f \u0130l K\u00fclt\u00fcr ve Turizm M\u00fcd\u00fcr\u00fc \u00d6mer Faruk Karak\u00fc\u00e7\u00fck protokole imza att\u0131.<\/p>\n\n\n\n<p class=\"wp-block-paragraph\">Yenilenen protokol kapsam\u0131nda, \u00c7orlu&#8217;nun \u00f6nemli tarihi yap\u0131lar\u0131ndan biri olan \u00c7orlu Kalesi&#8217;nde s\u00fcrd\u00fcr\u00fclen kurtarma kaz\u0131lar\u0131n\u0131n kesintisiz devam etmesi hedefleniyor.<\/p>\n\n\n\n<p class=\"wp-block-paragraph\">T\u00f6rende konu\u015fan Sar\u0131kurt, \u00c7orlu Kalesi&#8217;nde y\u00fcr\u00fct\u00fclen \u00e7al\u0131\u015fmalar\u0131n kentin tarihine \u0131\u015f\u0131k tuttu\u011funu belirtti.<\/p>\n\n\n\n<p class=\"wp-block-paragraph\">Tekirda\u011f \u0130l K\u00fclt\u00fcr ve Turizm M\u00fcd\u00fcrl\u00fc\u011f\u00fc ile i\u015f birli\u011fini s\u00fcrd\u00fcrd\u00fcklerini ifade eden Sar\u0131kurt, &#8220;Yenilenen protokol sayesinde \u00c7orlu Kalesi&#8217;nde ba\u015far\u0131yla devam eden kaz\u0131 \u00e7al\u0131\u015fmalar\u0131 kesintisiz s\u00fcrd\u00fcr\u00fclecek. Toprak alt\u0131ndaki tarihi de\u011ferlerin g\u00fcn y\u00fcz\u00fcne \u00e7\u0131kar\u0131lmas\u0131 ve kentimizin k\u00fclt\u00fcrel miras\u0131n\u0131n gelecek nesillere aktar\u0131lmas\u0131 i\u00e7in \u00e7al\u0131\u015fmalar\u0131m\u0131za devam edece\u011fiz.&#8221; dedi.<\/p>\n","protected":false},"excerpt":{"rendered":"<p>\u00c7orlu Belediyesi ve Tekirda\u011f \u0130l K\u00fclt\u00fcr M\u00fcd\u00fcrl\u00fc\u011f\u00fc, \u00c7orlu Kalesi kaz\u0131 \u00e7al\u0131\u015fmalar\u0131 i\u00e7in protokol imzalad\u0131. \u00c7orlu&#8230;<\/p>\n","protected":false},"author":1,"featured_media":2112,"comment_status":"closed","ping_status":"closed","sticky":false,"template":"","format":"standard","meta":{"footnotes":""},"categories":[5],"tags":[],"ppma_author":[57],"class_list":["post-2111","post","type-post","status-publish","format-standard","has-post-thumbnail","hentry","category-corlu"],"authors":[{"term_id":57,"user_id":1,"is_guest":0,"slug":"admin","display_name":"Alp Aslan","avatar_url":"https:\/\/secure.gravatar.com\/avatar\/07c18c5ad3350b025db8f3328450e071acb435c703e565899c880c63362f137a?s=96&d=mm&r=g","author_category":"1","first_name":"Alp Aslan","last_name":"ER\u0130N","user_url":"http:\/\/www.gundem59.com.tr","job_title":"","description":""}],"_links":{"self":[{"href":"https:\/\/gundem59.com.tr\/index.php?rest_route=\/wp\/v2\/posts\/2111","targetHints":{"allow":["GET"]}}],"collection":[{"href":"https:\/\/gundem59.com.tr\/index.php?rest_route=\/wp\/v2\/posts"}],"about":[{"href":"https:\/\/gundem59.com.tr\/index.php?rest_route=\/wp\/v2\/types\/post"}],"author":[{"embeddable":true,"href":"https:\/\/gundem59.com.tr\/index.php?rest_route=\/wp\/v2\/users\/1"}],"replies":[{"embeddable":true,"href":"https:\/\/gundem59.com.tr\/index.php?rest_route=%2Fwp%2Fv2%2Fcomments&post=2111"}],"version-history":[{"count":1,"href":"https:\/\/gundem59.com.tr\/index.php?rest_route=\/wp\/v2\/posts\/2111\/revisions"}],"predecessor-version":[{"id":2113,"href":"https:\/\/gundem59.com.tr\/index.php?rest_route=\/wp\/v2\/posts\/2111\/revisions\/2113"}],"wp:featuredmedia":[{"embeddable":true,"href":"https:\/\/gundem59.com.tr\/index.php?rest_route=\/wp\/v2\/media\/2112"}],"wp:attachment":[{"href":"https:\/\/gundem59.com.tr\/index.php?rest_route=%2Fwp%2Fv2%2Fmedia&parent=2111"}],"wp:term":[{"taxonomy":"category","embeddable":true,"href":"https:\/\/gundem59.com.tr\/index.php?rest_route=%2Fwp%2Fv2%2Fcategories&post=2111"},{"taxonomy":"post_tag","embeddable":true,"href":"https:\/\/gundem59.com.tr\/index.php?rest_route=%2Fwp%2Fv2%2Ftags&post=2111"},{"taxonomy":"author","embeddable":true,"href":"https:\/\/gundem59.com.tr\/index.php?rest_route=%2Fwp%2Fv2%2Fppma_author&post=2111"}],"curies":[{"name":"wp","href":"https:\/\/api.w.org\/{rel}","templated":true}]}}